{"id":893,"date":"2019-05-24T09:30:58","date_gmt":"2019-05-24T09:30:58","guid":{"rendered":"https:\/\/iesbenjamin.educacion.navarra.es\/blogs\/tic1\/?p=893"},"modified":"2019-05-24T09:44:18","modified_gmt":"2019-05-24T09:44:18","slug":"repercusion-de-internet-2","status":"publish","type":"post","link":"https:\/\/iesbenjamin.educacion.navarra.es\/blogs\/tic1\/2019\/05\/24\/repercusion-de-internet-2\/","title":{"rendered":"Repercusi\u00f3n de Internet."},"content":{"rendered":"\n<p>Yo creo que Internet en mi vida es muy importante ya que puedo comunicarme con la gente que conozco y familiares, tambi\u00e9n me sirve para buscar informaci\u00f3n sobre cosas  que desconozco, ademas de permitirme aprender muchas novedades.<\/p>\n\n\n\n<p>Pero tambi\u00e9n me perjudica a nivel familiar ya que mi percepci\u00f3n del tiempo al usar Internet es mala , eso implica que a veces no este con la familia o salga con los amigos .<\/p>\n\n\n\n<p>En el futuro el Internet influyera bastante en mi trabajo ya que la tecnolog\u00eda avanza de manera r\u00e1pida y ello permite que se introduzcan novedades, de tal manera que en mi futuro trabajo se pueda dar la opci\u00f3n de trabajar sin moverme de casa.<\/p>\n\n\n\n<figure class=\"wp-block-image is-resized\"><img loading=\"lazy\" src=\"https:\/\/encrypted-tbn0.gstatic.com\/images?q=tbn:ANd9GcQBHUWAhIexSY1Hx_QODDhAoiezWhP6w26iliNich8RaYXaHmeX\" alt=\"Resultado de imagen de IMAGENES INTERNET\" width=\"305\" height=\"203\" \/><\/figure>\n","protected":false},"excerpt":{"rendered":"<p>Yo creo que Internet en mi vida es muy importante ya que puedo comunicarme con la gente que conozco y familiares, tambi\u00e9n me sirve para buscar informaci\u00f3n sobre cosas que desconozco, ademas de permitirme aprender muchas novedades. Pero tambi\u00e9n me perjudica a nivel familiar ya que mi percepci\u00f3n del tiempo al usar Internet es mala [&hellip;]<\/p>\n","protected":false},"author":138,"featured_media":0,"comment_status":"open","ping_status":"open","sticky":false,"template":"","format":"standard","meta":{"_genesis_hide_title":false,"_genesis_hide_breadcrumbs":false,"_genesis_hide_singular_image":false,"_genesis_hide_footer_widgets":false,"_genesis_custom_body_class":"","_genesis_custom_post_class":"","_genesis_layout":""},"categories":[35],"tags":[],"_links":{"self":[{"href":"https:\/\/iesbenjamin.educacion.navarra.es\/blogs\/tic1\/wp-json\/wp\/v2\/posts\/893"}],"collection":[{"href":"https:\/\/iesbenjamin.educacion.navarra.es\/blogs\/tic1\/wp-json\/wp\/v2\/posts"}],"about":[{"href":"https:\/\/iesbenjamin.educacion.navarra.es\/blogs\/tic1\/wp-json\/wp\/v2\/types\/post"}],"author":[{"embeddable":true,"href":"https:\/\/iesbenjamin.educacion.navarra.es\/blogs\/tic1\/wp-json\/wp\/v2\/users\/138"}],"replies":[{"embeddable":true,"href":"https:\/\/iesbenjamin.educacion.navarra.es\/blogs\/tic1\/wp-json\/wp\/v2\/comments?post=893"}],"version-history":[{"count":5,"href":"https:\/\/iesbenjamin.educacion.navarra.es\/blogs\/tic1\/wp-json\/wp\/v2\/posts\/893\/revisions"}],"predecessor-version":[{"id":956,"href":"https:\/\/iesbenjamin.educacion.navarra.es\/blogs\/tic1\/wp-json\/wp\/v2\/posts\/893\/revisions\/956"}],"wp:attachment":[{"href":"https:\/\/iesbenjamin.educacion.navarra.es\/blogs\/tic1\/wp-json\/wp\/v2\/media?parent=893"}],"wp:term":[{"taxonomy":"category","embeddable":true,"href":"https:\/\/iesbenjamin.educacion.navarra.es\/blogs\/tic1\/wp-json\/wp\/v2\/categories?post=893"},{"taxonomy":"post_tag","embeddable":true,"href":"https:\/\/iesbenjamin.educacion.navarra.es\/blogs\/tic1\/wp-json\/wp\/v2\/tags?post=893"}],"curies":[{"name":"wp","href":"https:\/\/api.w.org\/{rel}","templated":true}]}}