{"id":586,"date":"2019-04-03T11:46:18","date_gmt":"2019-04-03T11:46:18","guid":{"rendered":"https:\/\/iesbenjamin.educacion.navarra.es\/blogs\/tic1\/?p=586"},"modified":"2019-04-03T11:46:22","modified_gmt":"2019-04-03T11:46:22","slug":"la-nueva-tecnologia-microled-que-hay-de-nuevo","status":"publish","type":"post","link":"https:\/\/iesbenjamin.educacion.navarra.es\/blogs\/tic1\/2019\/04\/03\/la-nueva-tecnologia-microled-que-hay-de-nuevo\/","title":{"rendered":"La nueva tecnolog\u00eda MicroLED: \u00bfqu\u00e9 hay de nuevo?"},"content":{"rendered":"\n<p>\n\nEl r\u00e1pido avance de todas las&nbsp;<a href=\"https:\/\/www.socialfuturo.com\/tecnologia\" target=\"_blank\" rel=\"noreferrer noopener\">tecnolog\u00edas<\/a>&nbsp;hace que los dispositivos reci\u00e9n adquiridos&nbsp;<strong>se queden obsoletos<\/strong>&nbsp;a los pocos d\u00edas, incluso, a las pocas horas. No hay aparato que no se libre de esto: m\u00f3viles, electrodom\u00e9sticos u ordenadores. En el campo de los televisores la&nbsp;<strong>nueva tecnolog\u00eda MicroLED<\/strong>&nbsp;ya est\u00e1 llegando para dejar anticuados a los dispositivos actuales.\n\n<\/p>\n\n\n\n<figure class=\"wp-block-image\"><img loading=\"lazy\" width=\"640\" height=\"427\" src=\"https:\/\/iesbenjamin.educacion.navarra.es\/blogs\/tic1\/wp-content\/uploads\/sites\/9\/2019\/04\/microled-samsung-the-wall-1.jpg\" alt=\"\" class=\"wp-image-590\" srcset=\"https:\/\/iesbenjamin.educacion.navarra.es\/blogs\/tic1\/wp-content\/uploads\/sites\/9\/2019\/04\/microled-samsung-the-wall-1.jpg 640w, https:\/\/iesbenjamin.educacion.navarra.es\/blogs\/tic1\/wp-content\/uploads\/sites\/9\/2019\/04\/microled-samsung-the-wall-1-300x200.jpg 300w\" sizes=\"(max-width: 640px) 100vw, 640px\" \/><\/figure>\n\n\n\n<figure class=\"wp-block-embed-wordpress wp-block-embed is-type-wp-embed is-provider-social-futuro\"><div class=\"wp-block-embed__wrapper\">\n<blockquote class=\"wp-embedded-content\" data-secret=\"EE6FWEUzxk\"><a href=\"https:\/\/www.socialfuturo.com\/actualidad-tecnologica\/la-nueva-tecnologia-microled-que-hay-de-nuevo\/\">La nueva tecnolog\u00eda MicroLED: \u00bfqu\u00e9 hay de nuevo?<\/a><\/blockquote><iframe class=\"wp-embedded-content\" sandbox=\"allow-scripts\" security=\"restricted\" style=\"position: absolute; clip: rect(1px, 1px, 1px, 1px);\" src=\"https:\/\/www.socialfuturo.com\/actualidad-tecnologica\/la-nueva-tecnologia-microled-que-hay-de-nuevo\/embed\/#?secret=EE6FWEUzxk\" data-secret=\"EE6FWEUzxk\" width=\"500\" height=\"282\" title=\"&#8220;La nueva tecnolog\u00eda MicroLED: \u00bfqu\u00e9 hay de nuevo?&#8221; &#8212; Social Futuro\" frameborder=\"0\" marginwidth=\"0\" marginheight=\"0\" scrolling=\"no\"><\/iframe>\n<\/div><\/figure>\n\n\n\n<p><\/p>\n","protected":false},"excerpt":{"rendered":"<p>El r\u00e1pido avance de todas las&nbsp;tecnolog\u00edas&nbsp;hace que los dispositivos reci\u00e9n adquiridos&nbsp;se queden obsoletos&nbsp;a los pocos d\u00edas, incluso, a las pocas horas. No hay aparato que no se libre de esto: m\u00f3viles, electrodom\u00e9sticos u ordenadores. En el campo de los televisores la&nbsp;nueva tecnolog\u00eda MicroLED&nbsp;ya est\u00e1 llegando para dejar anticuados a los dispositivos actuales.<\/p>\n","protected":false},"author":126,"featured_media":0,"comment_status":"open","ping_status":"open","sticky":false,"template":"","format":"standard","meta":{"_genesis_hide_title":false,"_genesis_hide_breadcrumbs":false,"_genesis_hide_singular_image":false,"_genesis_hide_footer_widgets":false,"_genesis_custom_body_class":"","_genesis_custom_post_class":"","_genesis_layout":""},"categories":[1],"tags":[],"_links":{"self":[{"href":"https:\/\/iesbenjamin.educacion.navarra.es\/blogs\/tic1\/wp-json\/wp\/v2\/posts\/586"}],"collection":[{"href":"https:\/\/iesbenjamin.educacion.navarra.es\/blogs\/tic1\/wp-json\/wp\/v2\/posts"}],"about":[{"href":"https:\/\/iesbenjamin.educacion.navarra.es\/blogs\/tic1\/wp-json\/wp\/v2\/types\/post"}],"author":[{"embeddable":true,"href":"https:\/\/iesbenjamin.educacion.navarra.es\/blogs\/tic1\/wp-json\/wp\/v2\/users\/126"}],"replies":[{"embeddable":true,"href":"https:\/\/iesbenjamin.educacion.navarra.es\/blogs\/tic1\/wp-json\/wp\/v2\/comments?post=586"}],"version-history":[{"count":1,"href":"https:\/\/iesbenjamin.educacion.navarra.es\/blogs\/tic1\/wp-json\/wp\/v2\/posts\/586\/revisions"}],"predecessor-version":[{"id":592,"href":"https:\/\/iesbenjamin.educacion.navarra.es\/blogs\/tic1\/wp-json\/wp\/v2\/posts\/586\/revisions\/592"}],"wp:attachment":[{"href":"https:\/\/iesbenjamin.educacion.navarra.es\/blogs\/tic1\/wp-json\/wp\/v2\/media?parent=586"}],"wp:term":[{"taxonomy":"category","embeddable":true,"href":"https:\/\/iesbenjamin.educacion.navarra.es\/blogs\/tic1\/wp-json\/wp\/v2\/categories?post=586"},{"taxonomy":"post_tag","embeddable":true,"href":"https:\/\/iesbenjamin.educacion.navarra.es\/blogs\/tic1\/wp-json\/wp\/v2\/tags?post=586"}],"curies":[{"name":"wp","href":"https:\/\/api.w.org\/{rel}","templated":true}]}}