{"id":575,"date":"2019-04-03T11:58:04","date_gmt":"2019-04-03T11:58:04","guid":{"rendered":"https:\/\/iesbenjamin.educacion.navarra.es\/blogs\/tic1\/?p=575"},"modified":"2019-05-06T10:49:04","modified_gmt":"2019-05-06T10:49:04","slug":"muerte-de-celia-fuentes","status":"publish","type":"post","link":"https:\/\/iesbenjamin.educacion.navarra.es\/blogs\/tic1\/2019\/04\/03\/muerte-de-celia-fuentes\/","title":{"rendered":"Muerte de Celia Fuentes"},"content":{"rendered":"\n<p>Suicidio de la joven Celia Fuentes, participante del programa de dise\u00f1o \u00abQuiero ser\u00bb a causa de tener pocos likes en sus redes sociales. <\/p>\n\n\n\n<p><\/p>\n\n\n\n<ul class=\"wp-block-gallery columns-1 is-cropped\"><li class=\"blocks-gallery-item\"><figure><img loading=\"lazy\" width=\"982\" height=\"558\" src=\"https:\/\/iesbenjamin.educacion.navarra.es\/blogs\/tic1\/wp-content\/uploads\/sites\/9\/2019\/04\/img_melies_20170920-184449_imagenes_lv_terceros_celia_fuentes-kIsE-U431429624540WmC-992x558@LaVanguardia-Web.jpg\" alt=\"\" data-id=\"587\" data-link=\"https:\/\/iesbenjamin.educacion.navarra.es\/blogs\/tic1\/?attachment_id=587\" class=\"wp-image-587\" srcset=\"https:\/\/iesbenjamin.educacion.navarra.es\/blogs\/tic1\/wp-content\/uploads\/sites\/9\/2019\/04\/img_melies_20170920-184449_imagenes_lv_terceros_celia_fuentes-kIsE-U431429624540WmC-992x558@LaVanguardia-Web.jpg 982w, https:\/\/iesbenjamin.educacion.navarra.es\/blogs\/tic1\/wp-content\/uploads\/sites\/9\/2019\/04\/img_melies_20170920-184449_imagenes_lv_terceros_celia_fuentes-kIsE-U431429624540WmC-992x558@LaVanguardia-Web-300x170.jpg 300w, https:\/\/iesbenjamin.educacion.navarra.es\/blogs\/tic1\/wp-content\/uploads\/sites\/9\/2019\/04\/img_melies_20170920-184449_imagenes_lv_terceros_celia_fuentes-kIsE-U431429624540WmC-992x558@LaVanguardia-Web-768x436.jpg 768w\" sizes=\"(max-width: 982px) 100vw, 982px\" \/><\/figure><\/li><\/ul>\n\n\n\n<p>La ganadora de dicho programa comenz\u00f3 en el mundo de las redes sociales a ra\u00edz de la victoria televisiva. <\/p>\n\n\n\n<p> <br>La modelo e instagramer, de 27 a\u00f1os, fue hallada por su padre, un general del Ej\u00e9rcito retirado. Las causas de la muerte se desconoc\u00edan hasta el momento, sin embargo, este domingo se han filtrado los motivos que pudieron llevar a Celia a suicidarse. <\/p>\n\n\n\n<p>Una de las causas mas importantes de su muerte fue el estr\u00e9s que le causaba los comentarios negativos hacia su persona y los pocos likes que obten\u00eda en sus redes. <\/p>\n\n\n\n<p>La muchacha no supo llevar las criticas y tomo esta soluci\u00f3n tan repentina.  <\/p>\n\n\n\n<p> Seg\u00fan publica el diario El Mundo este domingo el padre de la modelo e instagramer se encontr\u00f3 el cuerpo de su hija colgado de la escalera con una s\u00e1bana. Un dram\u00e1tico final que vendr\u00eda despu\u00e9s de fuertes episodios de depresi\u00f3n. Y es que, seg\u00fan su c\u00edrculo cercano, la joven no atravesaba su mejor momento  como explica el citado medio,en uno de sus \u00faltimos WhatsApps a una de sus pocas amigas:  \u2018Soy todo fachada\u2019 y me siento sola\u2019<\/p>\n\n\n\n<p><a href=\"https:\/\/www.mundodeportivo.com\/elotromundo\/gente\/20170926\/431572116683\/celia-fuentes-causas-muerte-suicidio-influencer-quiero-ser.html\">https:\/\/www.mundodeportivo.com\/elotromundo\/gente\/20170926\/431572116683\/celia-fuentes-causas-muerte-suicidio-influencer-quiero-ser.html<\/a><\/p>\n","protected":false},"excerpt":{"rendered":"<p>Suicidio de la joven Celia Fuentes, participante del programa de dise\u00f1o \u00abQuiero ser\u00bb a causa de tener pocos likes en sus redes sociales. La ganadora de dicho programa comenz\u00f3 en el mundo de las redes sociales a ra\u00edz de la victoria televisiva. La modelo e instagramer, de 27 a\u00f1os, fue hallada por su padre, un [&hellip;]<\/p>\n","protected":false},"author":127,"featured_media":0,"comment_status":"open","ping_status":"open","sticky":false,"template":"","format":"standard","meta":{"_genesis_hide_title":false,"_genesis_hide_breadcrumbs":false,"_genesis_hide_singular_image":false,"_genesis_hide_footer_widgets":false,"_genesis_custom_body_class":"","_genesis_custom_post_class":"","_genesis_layout":""},"categories":[2],"tags":[],"_links":{"self":[{"href":"https:\/\/iesbenjamin.educacion.navarra.es\/blogs\/tic1\/wp-json\/wp\/v2\/posts\/575"}],"collection":[{"href":"https:\/\/iesbenjamin.educacion.navarra.es\/blogs\/tic1\/wp-json\/wp\/v2\/posts"}],"about":[{"href":"https:\/\/iesbenjamin.educacion.navarra.es\/blogs\/tic1\/wp-json\/wp\/v2\/types\/post"}],"author":[{"embeddable":true,"href":"https:\/\/iesbenjamin.educacion.navarra.es\/blogs\/tic1\/wp-json\/wp\/v2\/users\/127"}],"replies":[{"embeddable":true,"href":"https:\/\/iesbenjamin.educacion.navarra.es\/blogs\/tic1\/wp-json\/wp\/v2\/comments?post=575"}],"version-history":[{"count":4,"href":"https:\/\/iesbenjamin.educacion.navarra.es\/blogs\/tic1\/wp-json\/wp\/v2\/posts\/575\/revisions"}],"predecessor-version":[{"id":831,"href":"https:\/\/iesbenjamin.educacion.navarra.es\/blogs\/tic1\/wp-json\/wp\/v2\/posts\/575\/revisions\/831"}],"wp:attachment":[{"href":"https:\/\/iesbenjamin.educacion.navarra.es\/blogs\/tic1\/wp-json\/wp\/v2\/media?parent=575"}],"wp:term":[{"taxonomy":"category","embeddable":true,"href":"https:\/\/iesbenjamin.educacion.navarra.es\/blogs\/tic1\/wp-json\/wp\/v2\/categories?post=575"},{"taxonomy":"post_tag","embeddable":true,"href":"https:\/\/iesbenjamin.educacion.navarra.es\/blogs\/tic1\/wp-json\/wp\/v2\/tags?post=575"}],"curies":[{"name":"wp","href":"https:\/\/api.w.org\/{rel}","templated":true}]}}