{"id":983,"date":"2020-05-06T17:02:37","date_gmt":"2020-05-06T17:02:37","guid":{"rendered":"https:\/\/iesbenjamin.educacion.navarra.es\/blogs\/orientacion\/?p=983"},"modified":"2020-06-30T16:55:47","modified_gmt":"2020-06-30T16:55:47","slug":"oferta-de-ciclos-formativos-en-navarra-curso-20-21","status":"publish","type":"post","link":"https:\/\/iesbenjamin.educacion.navarra.es\/blogs\/orientacion\/2020\/05\/06\/oferta-de-ciclos-formativos-en-navarra-curso-20-21\/","title":{"rendered":"OFERTA DE CICLOS FORMATIVOS EN NAVARRA. CURSO 20-21"},"content":{"rendered":"\n<p>Dejamos en esta entrada la oferta de Ciclos Formativos de <em>Grado Medio<\/em>  <em>Grado Superior<\/em> y <em>Formaci\u00f3n Profesional B\u00e1sica<\/em> para el curso 20-21. Os recordamos que las fechas de preinscripci\u00f3n son del <strong>25 de mayo al 5 de junio.<\/strong>  Esta preinscripci\u00f3n se podr\u00e1 hacer tanto de forma telem\u00e1tica , como de forma presencial. En los pr\u00f3ximos d\u00edas, ampliaremos informaci\u00f3n sobre c\u00f3mo efectuar esta preinscripci\u00f3n y las fases siguientes de matriculaci\u00f3n.<\/p>\n\n\n<p><a href=\"https:\/\/www.educacion.navarra.es\/documents\/27590\/614384\/Oferta_202021_FPGS.pdf\/568383d7-d77a-4885-a471-014e04c53b4f\" target=\"_blank\" rel=\"noopener noreferrer\">OFERTA DE CICLOS FORMATIVOS DE GRADO SUPERIOR<\/a><\/p>\n<p><a href=\"https:\/\/www.educacion.navarra.es\/documents\/27590\/614384\/Oferta_202021_FPGM.pdf\/8b75d9ce-6e94-f3fe-24f8-4a7147199637\" target=\"_blank\" rel=\"noopener noreferrer\">OFERTA DE CICLOS FORMATIVOS DE GRADO MEDIO<\/a><\/p>\n<p><a href=\"https:\/\/www.educacion.navarra.es\/documents\/27590\/614384\/Oferta_202021_FPB_TP.pdf\/2bc961b0-37e6-3277-2cac-01b1164cc11c\" target=\"_blank\" rel=\"noopener noreferrer\">OFERTA DE FORMACI\u00d3N PROFESIONAL B\u00c1SICA<\/a><\/p>\n\n\n<p>M\u00e1s informaci\u00f3n en <a href=\"http:\/\/www.navarra.es\/home_es\/servicios\/ficha\/3134\/oferta-e-inscripcion-en-ciclos-de-formacion-profesional-y-de-artes-plasticas-y-diseno\">http:\/\/www.navarra.es\/home_es\/servicios\/ficha\/3134\/oferta-e-inscripcion-en-ciclos-de-formacion-profesional-y-de-artes-plasticas-y-diseno<\/a><\/p>\n","protected":false},"excerpt":{"rendered":"<p>Dejamos en esta entrada la oferta de Ciclos Formativos de Grado Medio Grado Superior y Formaci\u00f3n Profesional B\u00e1sica para el curso 20-21. Os recordamos que las fechas de preinscripci\u00f3n son del 25 de mayo al 5 de junio. Esta preinscripci\u00f3n &hellip; <a href=\"https:\/\/iesbenjamin.educacion.navarra.es\/blogs\/orientacion\/2020\/05\/06\/oferta-de-ciclos-formativos-en-navarra-curso-20-21\/\">Sigue leyendo <span class=\"meta-nav\">&rarr;<\/span><\/a><\/p>\n","protected":false},"author":84,"featured_media":0,"comment_status":"open","ping_status":"open","sticky":false,"template":"","format":"standard","meta":[],"categories":[1],"tags":[],"_links":{"self":[{"href":"https:\/\/iesbenjamin.educacion.navarra.es\/blogs\/orientacion\/wp-json\/wp\/v2\/posts\/983"}],"collection":[{"href":"https:\/\/iesbenjamin.educacion.navarra.es\/blogs\/orientacion\/wp-json\/wp\/v2\/posts"}],"about":[{"href":"https:\/\/iesbenjamin.educacion.navarra.es\/blogs\/orientacion\/wp-json\/wp\/v2\/types\/post"}],"author":[{"embeddable":true,"href":"https:\/\/iesbenjamin.educacion.navarra.es\/blogs\/orientacion\/wp-json\/wp\/v2\/users\/84"}],"replies":[{"embeddable":true,"href":"https:\/\/iesbenjamin.educacion.navarra.es\/blogs\/orientacion\/wp-json\/wp\/v2\/comments?post=983"}],"version-history":[{"count":4,"href":"https:\/\/iesbenjamin.educacion.navarra.es\/blogs\/orientacion\/wp-json\/wp\/v2\/posts\/983\/revisions"}],"predecessor-version":[{"id":988,"href":"https:\/\/iesbenjamin.educacion.navarra.es\/blogs\/orientacion\/wp-json\/wp\/v2\/posts\/983\/revisions\/988"}],"wp:attachment":[{"href":"https:\/\/iesbenjamin.educacion.navarra.es\/blogs\/orientacion\/wp-json\/wp\/v2\/media?parent=983"}],"wp:term":[{"taxonomy":"category","embeddable":true,"href":"https:\/\/iesbenjamin.educacion.navarra.es\/blogs\/orientacion\/wp-json\/wp\/v2\/categories?post=983"},{"taxonomy":"post_tag","embeddable":true,"href":"https:\/\/iesbenjamin.educacion.navarra.es\/blogs\/orientacion\/wp-json\/wp\/v2\/tags?post=983"}],"curies":[{"name":"wp","href":"https:\/\/api.w.org\/{rel}","templated":true}]}}