{"id":362,"date":"2017-03-06T13:25:18","date_gmt":"2017-03-06T13:25:18","guid":{"rendered":"http:\/\/iesbenjamin.educacion.navarra.es\/blogs\/orientacion\/?p=362"},"modified":"2017-03-06T13:25:18","modified_gmt":"2017-03-06T13:25:18","slug":"pruebas-libres-para-el-titulo-de-eso","status":"publish","type":"post","link":"https:\/\/iesbenjamin.educacion.navarra.es\/blogs\/orientacion\/2017\/03\/06\/pruebas-libres-para-el-titulo-de-eso\/","title":{"rendered":"Pruebas libres para el t\u00edtulo de ESO"},"content":{"rendered":"<p>Se van a convocar las pruebas oficiales para conseguir el t\u00edtulo de ESO directamente.<\/p>\n<p>La inscripci\u00f3n ser\u00e1 del 20 al 31 de marzo en primera convocatoria y la prueba se celebrar\u00e1 el 26 de abril.<\/p>\n<p>En segunda convocatoria, la inscripci\u00f3n ser\u00e1 del 7 al 18 de agosto y la prueba tendr\u00e1 lugar el 5 de septiembre.<\/p>\n<p>Si est\u00e1s matriculado en ESPA, debes renunciar a la matr\u00edcula .<\/p>\n<p>Mas\u00b4informaci\u00f3n<a href=\"http:\/\/www.navarra.es\/home_es\/Servicios\/ficha\/2085\/Obtencion-directa-del-titulo-de-Graduado-en-ESO-para-mayores-de-18-anos\" target=\"_blank\"> aqu\u00ed<\/a><\/p>\n","protected":false},"excerpt":{"rendered":"<p>Se van a convocar las pruebas oficiales para conseguir el t\u00edtulo de ESO directamente. La inscripci\u00f3n ser\u00e1 del 20 al 31 de marzo en primera convocatoria y la prueba se celebrar\u00e1 el 26 de abril. En segunda convocatoria, la inscripci\u00f3n &hellip; <a href=\"https:\/\/iesbenjamin.educacion.navarra.es\/blogs\/orientacion\/2017\/03\/06\/pruebas-libres-para-el-titulo-de-eso\/\">Sigue leyendo <span class=\"meta-nav\">&rarr;<\/span><\/a><\/p>\n","protected":false},"author":84,"featured_media":0,"comment_status":"open","ping_status":"open","sticky":false,"template":"","format":"standard","meta":[],"categories":[1],"tags":[],"_links":{"self":[{"href":"https:\/\/iesbenjamin.educacion.navarra.es\/blogs\/orientacion\/wp-json\/wp\/v2\/posts\/362"}],"collection":[{"href":"https:\/\/iesbenjamin.educacion.navarra.es\/blogs\/orientacion\/wp-json\/wp\/v2\/posts"}],"about":[{"href":"https:\/\/iesbenjamin.educacion.navarra.es\/blogs\/orientacion\/wp-json\/wp\/v2\/types\/post"}],"author":[{"embeddable":true,"href":"https:\/\/iesbenjamin.educacion.navarra.es\/blogs\/orientacion\/wp-json\/wp\/v2\/users\/84"}],"replies":[{"embeddable":true,"href":"https:\/\/iesbenjamin.educacion.navarra.es\/blogs\/orientacion\/wp-json\/wp\/v2\/comments?post=362"}],"version-history":[{"count":1,"href":"https:\/\/iesbenjamin.educacion.navarra.es\/blogs\/orientacion\/wp-json\/wp\/v2\/posts\/362\/revisions"}],"predecessor-version":[{"id":363,"href":"https:\/\/iesbenjamin.educacion.navarra.es\/blogs\/orientacion\/wp-json\/wp\/v2\/posts\/362\/revisions\/363"}],"wp:attachment":[{"href":"https:\/\/iesbenjamin.educacion.navarra.es\/blogs\/orientacion\/wp-json\/wp\/v2\/media?parent=362"}],"wp:term":[{"taxonomy":"category","embeddable":true,"href":"https:\/\/iesbenjamin.educacion.navarra.es\/blogs\/orientacion\/wp-json\/wp\/v2\/categories?post=362"},{"taxonomy":"post_tag","embeddable":true,"href":"https:\/\/iesbenjamin.educacion.navarra.es\/blogs\/orientacion\/wp-json\/wp\/v2\/tags?post=362"}],"curies":[{"name":"wp","href":"https:\/\/api.w.org\/{rel}","templated":true}]}}