{"id":1170,"date":"2025-02-12T09:48:56","date_gmt":"2025-02-12T09:48:56","guid":{"rendered":"https:\/\/iesbenjamin.educacion.navarra.es\/blogs\/orientacion\/?p=1170"},"modified":"2025-02-12T09:48:56","modified_gmt":"2025-02-12T09:48:56","slug":"fecha-de-inscripcion-prueba-de-acceso-a-grado-medio-y-grado-superior","status":"publish","type":"post","link":"https:\/\/iesbenjamin.educacion.navarra.es\/blogs\/orientacion\/2025\/02\/12\/fecha-de-inscripcion-prueba-de-acceso-a-grado-medio-y-grado-superior\/","title":{"rendered":"FECHA DE INSCRIPCI\u00d3N PRUEBA DE ACCESO A GRADO MEDIO Y GRADO SUPERIOR"},"content":{"rendered":"\n<p>Las fechas de inscripci\u00f3n en Navarra para la prueba de Grado Medio y Superior ser\u00e1n del\u00a0<strong>19 al 28  de febrero<\/strong>. Se podr\u00e1n hacer tanto de forma presencial , en centros que impartan grados de formaci\u00f3n profesional, como a trav\u00e9s de la plataforma EDUCA ( el alumnado navarro y sus familias).<\/p>\n\n\n\n<p><a href=\"https:\/\/www.navarra.es\/es\/tramites\/on\/-\/line\/Pruebas-de-acceso-a-ciclos-de-FP-de-Artes-Plasticas-y-Diseno-y-de-Ensenanzas-Deportivas\">https:\/\/www.navarra.es\/es\/tramites\/on\/-\/line\/Pruebas-de-acceso-a-ciclos-de-FP-de-Artes-Plasticas-y-Diseno-y-de-Ensenanzas-Deportivas<\/a><\/p>\n","protected":false},"excerpt":{"rendered":"<p>Las fechas de inscripci\u00f3n en Navarra para la prueba de Grado Medio y Superior ser\u00e1n del\u00a019 al 28 de febrero. Se podr\u00e1n hacer tanto de forma presencial , en centros que impartan grados de formaci\u00f3n profesional, como a trav\u00e9s de &hellip; <a href=\"https:\/\/iesbenjamin.educacion.navarra.es\/blogs\/orientacion\/2025\/02\/12\/fecha-de-inscripcion-prueba-de-acceso-a-grado-medio-y-grado-superior\/\">Sigue leyendo <span class=\"meta-nav\">&rarr;<\/span><\/a><\/p>\n","protected":false},"author":84,"featured_media":0,"comment_status":"open","ping_status":"open","sticky":false,"template":"","format":"standard","meta":[],"categories":[1],"tags":[],"_links":{"self":[{"href":"https:\/\/iesbenjamin.educacion.navarra.es\/blogs\/orientacion\/wp-json\/wp\/v2\/posts\/1170"}],"collection":[{"href":"https:\/\/iesbenjamin.educacion.navarra.es\/blogs\/orientacion\/wp-json\/wp\/v2\/posts"}],"about":[{"href":"https:\/\/iesbenjamin.educacion.navarra.es\/blogs\/orientacion\/wp-json\/wp\/v2\/types\/post"}],"author":[{"embeddable":true,"href":"https:\/\/iesbenjamin.educacion.navarra.es\/blogs\/orientacion\/wp-json\/wp\/v2\/users\/84"}],"replies":[{"embeddable":true,"href":"https:\/\/iesbenjamin.educacion.navarra.es\/blogs\/orientacion\/wp-json\/wp\/v2\/comments?post=1170"}],"version-history":[{"count":1,"href":"https:\/\/iesbenjamin.educacion.navarra.es\/blogs\/orientacion\/wp-json\/wp\/v2\/posts\/1170\/revisions"}],"predecessor-version":[{"id":1171,"href":"https:\/\/iesbenjamin.educacion.navarra.es\/blogs\/orientacion\/wp-json\/wp\/v2\/posts\/1170\/revisions\/1171"}],"wp:attachment":[{"href":"https:\/\/iesbenjamin.educacion.navarra.es\/blogs\/orientacion\/wp-json\/wp\/v2\/media?parent=1170"}],"wp:term":[{"taxonomy":"category","embeddable":true,"href":"https:\/\/iesbenjamin.educacion.navarra.es\/blogs\/orientacion\/wp-json\/wp\/v2\/categories?post=1170"},{"taxonomy":"post_tag","embeddable":true,"href":"https:\/\/iesbenjamin.educacion.navarra.es\/blogs\/orientacion\/wp-json\/wp\/v2\/tags?post=1170"}],"curies":[{"name":"wp","href":"https:\/\/api.w.org\/{rel}","templated":true}]}}