{"id":1166,"date":"2024-04-10T09:51:34","date_gmt":"2024-04-10T09:51:34","guid":{"rendered":"https:\/\/iesbenjamin.educacion.navarra.es\/blogs\/orientacion\/?p=1166"},"modified":"2024-04-10T09:51:35","modified_gmt":"2024-04-10T09:51:35","slug":"fechas-de-inscripcion-para-formacion-profesional-de-grado-medio-superior-y-basico-en-navarra-para-el-curso-24-25","status":"publish","type":"post","link":"https:\/\/iesbenjamin.educacion.navarra.es\/blogs\/orientacion\/2024\/04\/10\/fechas-de-inscripcion-para-formacion-profesional-de-grado-medio-superior-y-basico-en-navarra-para-el-curso-24-25\/","title":{"rendered":"FECHAS DE INSCRIPCI\u00d3N PARA FORMACI\u00d3N PROFESIONAL DE GRADO MEDIO, SUPERIOR Y B\u00c1SICO EN NAVARRA PARA EL CURSO 24-25"},"content":{"rendered":"\n<p>Las fechas de inscripci\u00f3n en Navarra para Grado Medio y Superior ser\u00e1n del <strong>29 de abril al 10 de mayo<\/strong>. Se podr\u00e1n hacer tanto de forma presencial , como a trav\u00e9s de la plataforma EDUCA ( el alumnado navarro y sus familias).<\/p>\n\n\n\n<p>Las fechas para la inscripci\u00f3n en Grado B\u00e1sico ser\u00e1n del 13 al 17 de mayo, pero recordad que la admisi\u00f3n est\u00e1 supeditada a la propuesta del Instituto.<\/p>\n\n\n\n<p>Asimismo, las fechas de inscripci\u00f3n en ciclos de FP a distancia ser\u00e1n  en el primer periodo de inscripci\u00f3n: del 5 al 10 de junio para el (alumnado matriculado el curso 2023-2024. Y el  segundo periodo de inscripci\u00f3n:  del 29 de agosto al 4 de septiembre (alumnado nuevo).<\/p>\n\n\n\n<p>Con respecto a la FP semipresencial, las fechas est\u00e1n todav\u00eda sin determinar.<\/p>\n\n\n\n<p>M\u00e1s informaci\u00f3n y oferta  en los siguientes enlaces <a href=\"https:\/\/www.educacion.navarra.es\/fr\/web\/dpto\/formacion-profesional\/inscripcion\/grado-medio\">https:\/\/www.educacion.navarra.es\/fr\/web\/dpto\/formacion-profesional\/inscripcion\/grado-medio<\/a> ( grado medio)<\/p>\n\n\n\n<p><a href=\"https:\/\/www.educacion.navarra.es\/fr\/web\/dpto\/formacion-profesional\/inscripcion\/grado-superior\">https:\/\/www.educacion.navarra.es\/fr\/web\/dpto\/formacion-profesional\/inscripcion\/grado-superior<\/a> ( Grado Superior)<\/p>\n\n\n\n<p><a href=\"https:\/\/www.educacion.navarra.es\/fr\/web\/dpto\/formacion-profesional\/grado-basico\">https:\/\/www.educacion.navarra.es\/fr\/web\/dpto\/formacion-profesional\/grado-basico<\/a> ( Grado B\u00e1sico)<\/p>\n\n\n\n<p><\/p>\n","protected":false},"excerpt":{"rendered":"<p>Las fechas de inscripci\u00f3n en Navarra para Grado Medio y Superior ser\u00e1n del 29 de abril al 10 de mayo. Se podr\u00e1n hacer tanto de forma presencial , como a trav\u00e9s de la plataforma EDUCA ( el alumnado navarro y &hellip; <a href=\"https:\/\/iesbenjamin.educacion.navarra.es\/blogs\/orientacion\/2024\/04\/10\/fechas-de-inscripcion-para-formacion-profesional-de-grado-medio-superior-y-basico-en-navarra-para-el-curso-24-25\/\">Sigue leyendo <span class=\"meta-nav\">&rarr;<\/span><\/a><\/p>\n","protected":false},"author":84,"featured_media":0,"comment_status":"open","ping_status":"open","sticky":false,"template":"","format":"standard","meta":[],"categories":[1],"tags":[],"_links":{"self":[{"href":"https:\/\/iesbenjamin.educacion.navarra.es\/blogs\/orientacion\/wp-json\/wp\/v2\/posts\/1166"}],"collection":[{"href":"https:\/\/iesbenjamin.educacion.navarra.es\/blogs\/orientacion\/wp-json\/wp\/v2\/posts"}],"about":[{"href":"https:\/\/iesbenjamin.educacion.navarra.es\/blogs\/orientacion\/wp-json\/wp\/v2\/types\/post"}],"author":[{"embeddable":true,"href":"https:\/\/iesbenjamin.educacion.navarra.es\/blogs\/orientacion\/wp-json\/wp\/v2\/users\/84"}],"replies":[{"embeddable":true,"href":"https:\/\/iesbenjamin.educacion.navarra.es\/blogs\/orientacion\/wp-json\/wp\/v2\/comments?post=1166"}],"version-history":[{"count":1,"href":"https:\/\/iesbenjamin.educacion.navarra.es\/blogs\/orientacion\/wp-json\/wp\/v2\/posts\/1166\/revisions"}],"predecessor-version":[{"id":1167,"href":"https:\/\/iesbenjamin.educacion.navarra.es\/blogs\/orientacion\/wp-json\/wp\/v2\/posts\/1166\/revisions\/1167"}],"wp:attachment":[{"href":"https:\/\/iesbenjamin.educacion.navarra.es\/blogs\/orientacion\/wp-json\/wp\/v2\/media?parent=1166"}],"wp:term":[{"taxonomy":"category","embeddable":true,"href":"https:\/\/iesbenjamin.educacion.navarra.es\/blogs\/orientacion\/wp-json\/wp\/v2\/categories?post=1166"},{"taxonomy":"post_tag","embeddable":true,"href":"https:\/\/iesbenjamin.educacion.navarra.es\/blogs\/orientacion\/wp-json\/wp\/v2\/tags?post=1166"}],"curies":[{"name":"wp","href":"https:\/\/api.w.org\/{rel}","templated":true}]}}