{"id":1158,"date":"2024-03-04T08:41:57","date_gmt":"2024-03-04T08:41:57","guid":{"rendered":"https:\/\/iesbenjamin.educacion.navarra.es\/blogs\/orientacion\/?p=1158"},"modified":"2024-03-04T08:47:53","modified_gmt":"2024-03-04T08:47:53","slug":"presentacion-para-familias-al-acabar-4o-de-eso","status":"publish","type":"post","link":"https:\/\/iesbenjamin.educacion.navarra.es\/blogs\/orientacion\/2024\/03\/04\/presentacion-para-familias-al-acabar-4o-de-eso\/","title":{"rendered":"PRESENTACI\u00d3N PARA FAMILIAS AL ACABAR 4\u00ba DE ESO"},"content":{"rendered":"\n<p>Como se dijo en la charla informativa, dejo esta presentaci\u00f3n para ayudar a realizar la matr\u00edcula. Os recuerdo que se har\u00e1 una charla espec\u00edfica sobre los Grados Medios de Formaci\u00f3n Profesional<\/p>\n\n\n\n<div class=\"wp-block-file\"><a id=\"wp-block-file--media-3fccd787-4199-4c2b-ad22-2789c34d49c1\" href=\"https:\/\/iesbenjamin.educacion.navarra.es\/blogs\/orientacion\/wp-content\/uploads\/sites\/8\/2024\/03\/Al-acabar-4o-de-ESO-24-25-1.pptx\">Al-acabar-4o-de-ESO-24-25-1<\/a><a href=\"https:\/\/iesbenjamin.educacion.navarra.es\/blogs\/orientacion\/wp-content\/uploads\/sites\/8\/2024\/03\/Al-acabar-4o-de-ESO-24-25-1.pptx\" class=\"wp-block-file__button\" download aria-describedby=\"wp-block-file--media-3fccd787-4199-4c2b-ad22-2789c34d49c1\">Descarga<\/a><\/div>\n","protected":false},"excerpt":{"rendered":"<p>Como se dijo en la charla informativa, dejo esta presentaci\u00f3n para ayudar a realizar la matr\u00edcula. Os recuerdo que se har\u00e1 una charla espec\u00edfica sobre los Grados Medios de Formaci\u00f3n Profesional<\/p>\n","protected":false},"author":84,"featured_media":0,"comment_status":"open","ping_status":"open","sticky":false,"template":"","format":"standard","meta":[],"categories":[1],"tags":[],"_links":{"self":[{"href":"https:\/\/iesbenjamin.educacion.navarra.es\/blogs\/orientacion\/wp-json\/wp\/v2\/posts\/1158"}],"collection":[{"href":"https:\/\/iesbenjamin.educacion.navarra.es\/blogs\/orientacion\/wp-json\/wp\/v2\/posts"}],"about":[{"href":"https:\/\/iesbenjamin.educacion.navarra.es\/blogs\/orientacion\/wp-json\/wp\/v2\/types\/post"}],"author":[{"embeddable":true,"href":"https:\/\/iesbenjamin.educacion.navarra.es\/blogs\/orientacion\/wp-json\/wp\/v2\/users\/84"}],"replies":[{"embeddable":true,"href":"https:\/\/iesbenjamin.educacion.navarra.es\/blogs\/orientacion\/wp-json\/wp\/v2\/comments?post=1158"}],"version-history":[{"count":2,"href":"https:\/\/iesbenjamin.educacion.navarra.es\/blogs\/orientacion\/wp-json\/wp\/v2\/posts\/1158\/revisions"}],"predecessor-version":[{"id":1161,"href":"https:\/\/iesbenjamin.educacion.navarra.es\/blogs\/orientacion\/wp-json\/wp\/v2\/posts\/1158\/revisions\/1161"}],"wp:attachment":[{"href":"https:\/\/iesbenjamin.educacion.navarra.es\/blogs\/orientacion\/wp-json\/wp\/v2\/media?parent=1158"}],"wp:term":[{"taxonomy":"category","embeddable":true,"href":"https:\/\/iesbenjamin.educacion.navarra.es\/blogs\/orientacion\/wp-json\/wp\/v2\/categories?post=1158"},{"taxonomy":"post_tag","embeddable":true,"href":"https:\/\/iesbenjamin.educacion.navarra.es\/blogs\/orientacion\/wp-json\/wp\/v2\/tags?post=1158"}],"curies":[{"name":"wp","href":"https:\/\/api.w.org\/{rel}","templated":true}]}}