{"id":1154,"date":"2024-01-23T11:30:48","date_gmt":"2024-01-23T11:30:48","guid":{"rendered":"https:\/\/iesbenjamin.educacion.navarra.es\/blogs\/orientacion\/?p=1154"},"modified":"2024-01-23T11:34:41","modified_gmt":"2024-01-23T11:34:41","slug":"pruebas-de-acceso-a-f-p-de-grado-medio-y-superior-en-navarra-2024","status":"publish","type":"post","link":"https:\/\/iesbenjamin.educacion.navarra.es\/blogs\/orientacion\/2024\/01\/23\/pruebas-de-acceso-a-f-p-de-grado-medio-y-superior-en-navarra-2024\/","title":{"rendered":"PRUEBAS DE ACCESO A F.P. DE GRADO MEDIO Y SUPERIOR EN NAVARRA 2024"},"content":{"rendered":"\n<p><\/p>\n\n\n\n<p>Se han convocado ya las pruebas de acceso a Grado Superior y Grado Medio   de Formaci\u00f3n Profesional.&nbsp; Para presentarse a estas pruebas hay que tener 17 a\u00f1os en el caso de Grado Medio&nbsp;, 19 a\u00f1os para Grado Superior o cumplirlos durante el a\u00f1o 2024 en ambos casos<\/p>\n\n\n\n<p>Quien apruebe estas pruebas, tiene opci\u00f3n de acceder a dos plazas en cada Ciclo Formativo de Grado o Medio  ( est\u00e1 opci\u00f3n est\u00e1 en funci\u00f3n de la puntuaci\u00f3n obtenida en esas pruebas) . La prueba tiene validez en todas las Comunidades Aut\u00f3nomas<\/p>\n\n\n\n<p>La fechas de inscripci\u00f3n son&nbsp;<strong>&nbsp;26 de febrero al 6 de marzo de 2024&nbsp;.<\/strong>&nbsp;No olvidarse de que tambi\u00e9n habr\u00e1 que inscribirse en los ciclos formativas  en su momento. Los ex\u00e1menes  de Grado Superior ser\u00e1n el&nbsp;23 DE MAYO de 2024&nbsp; ( posiblemente en Pamplona) a las 9:30&nbsp; la parte Com\u00fan&nbsp; y a las 15:30&nbsp; la parte Espec\u00edfica. Los de Grado Medio  ser\u00e1n  el 22 DE MAYO de 2024, (9:30 \u00c1mbitos de Comunicaci\u00f3n y Social y 15:30 \u00c1mbito Cient\u00edfico-tecnol\u00f3gico)<\/p>\n\n\n\n<p>En Grado Superior h ay distintas&nbsp;Modalidades de Prueba: seg\u00fan la modalidad de prueba que&nbsp; se elijas se&nbsp;tiene&nbsp;acceso preferente&nbsp;a determinadas familias profesionales. <\/p>\n\n\n\n<p>M\u00e1s informaci\u00f3n sobre la pruebas: estructura, modelos de ex\u00e1menes en este<a href=\"https:\/\/www.navarra.es\/es\/tramites\/on\/-\/line\/Pruebas-de-acceso-a-ciclos-de-FP-de-Artes-Plasticas-y-Diseno-y-de-Ensenanzas-Deportivas\" data-type=\"URL\" data-id=\"https:\/\/www.navarra.es\/es\/tramites\/on\/-\/line\/Pruebas-de-acceso-a-ciclos-de-FP-de-Artes-Plasticas-y-Diseno-y-de-Ensenanzas-Deportivas\"> enlace <\/a><\/p>\n","protected":false},"excerpt":{"rendered":"<p>Se han convocado ya las pruebas de acceso a Grado Superior y Grado Medio de Formaci\u00f3n Profesional.&nbsp; Para presentarse a estas pruebas hay que tener 17 a\u00f1os en el caso de Grado Medio&nbsp;, 19 a\u00f1os para Grado Superior o cumplirlos &hellip; <a href=\"https:\/\/iesbenjamin.educacion.navarra.es\/blogs\/orientacion\/2024\/01\/23\/pruebas-de-acceso-a-f-p-de-grado-medio-y-superior-en-navarra-2024\/\">Sigue leyendo <span class=\"meta-nav\">&rarr;<\/span><\/a><\/p>\n","protected":false},"author":84,"featured_media":0,"comment_status":"open","ping_status":"open","sticky":false,"template":"","format":"standard","meta":[],"categories":[1],"tags":[20],"_links":{"self":[{"href":"https:\/\/iesbenjamin.educacion.navarra.es\/blogs\/orientacion\/wp-json\/wp\/v2\/posts\/1154"}],"collection":[{"href":"https:\/\/iesbenjamin.educacion.navarra.es\/blogs\/orientacion\/wp-json\/wp\/v2\/posts"}],"about":[{"href":"https:\/\/iesbenjamin.educacion.navarra.es\/blogs\/orientacion\/wp-json\/wp\/v2\/types\/post"}],"author":[{"embeddable":true,"href":"https:\/\/iesbenjamin.educacion.navarra.es\/blogs\/orientacion\/wp-json\/wp\/v2\/users\/84"}],"replies":[{"embeddable":true,"href":"https:\/\/iesbenjamin.educacion.navarra.es\/blogs\/orientacion\/wp-json\/wp\/v2\/comments?post=1154"}],"version-history":[{"count":2,"href":"https:\/\/iesbenjamin.educacion.navarra.es\/blogs\/orientacion\/wp-json\/wp\/v2\/posts\/1154\/revisions"}],"predecessor-version":[{"id":1156,"href":"https:\/\/iesbenjamin.educacion.navarra.es\/blogs\/orientacion\/wp-json\/wp\/v2\/posts\/1154\/revisions\/1156"}],"wp:attachment":[{"href":"https:\/\/iesbenjamin.educacion.navarra.es\/blogs\/orientacion\/wp-json\/wp\/v2\/media?parent=1154"}],"wp:term":[{"taxonomy":"category","embeddable":true,"href":"https:\/\/iesbenjamin.educacion.navarra.es\/blogs\/orientacion\/wp-json\/wp\/v2\/categories?post=1154"},{"taxonomy":"post_tag","embeddable":true,"href":"https:\/\/iesbenjamin.educacion.navarra.es\/blogs\/orientacion\/wp-json\/wp\/v2\/tags?post=1154"}],"curies":[{"name":"wp","href":"https:\/\/api.w.org\/{rel}","templated":true}]}}