{"id":671,"date":"2017-11-21T22:46:09","date_gmt":"2017-11-21T21:46:09","guid":{"rendered":"https:\/\/iesbenjamin.educacion.navarra.es\/blogs\/igualdad\/?p=671"},"modified":"2017-11-21T22:46:09","modified_gmt":"2017-11-21T21:46:09","slug":"entrevista-marian-moreno","status":"publish","type":"post","link":"https:\/\/iesbenjamin.educacion.navarra.es\/blogs\/igualdad\/2017\/11\/21\/entrevista-marian-moreno\/","title":{"rendered":"ENTREVISTA MARIAN MORENO"},"content":{"rendered":"<p style=\"text-align: center\"><img loading=\"lazy\" class=\"alignnone size-medium wp-image-672\" src=\"https:\/\/iesbenjamin.educacion.navarra.es\/blogs\/igualdad\/wp-content\/uploads\/sites\/5\/2017\/11\/marian-moreno-llaneza-300x300.jpg\" alt=\"\" width=\"300\" height=\"300\" srcset=\"https:\/\/iesbenjamin.educacion.navarra.es\/blogs\/igualdad\/wp-content\/uploads\/sites\/5\/2017\/11\/marian-moreno-llaneza-300x300.jpg 300w, https:\/\/iesbenjamin.educacion.navarra.es\/blogs\/igualdad\/wp-content\/uploads\/sites\/5\/2017\/11\/marian-moreno-llaneza-150x150.jpg 150w, https:\/\/iesbenjamin.educacion.navarra.es\/blogs\/igualdad\/wp-content\/uploads\/sites\/5\/2017\/11\/marian-moreno-llaneza.jpg 720w\" sizes=\"(max-width: 300px) 100vw, 300px\" \/><\/p>\n<p style=\"text-align: center\">Os dejamos a continuaci\u00f3n la entrevista que le han realizado a Marian Moreno, una de las tutoras de la formaci\u00f3n que estamos haciendo en materia coeducativa, en el diario digital P\u00fablico.<\/p>\n<p style=\"text-align: center\"><a href=\"http:\/\/especiales.publico.es\/es\/25n-las-discriminaciones-ocultas\/entrevista-marian-moreno-llaneza\">http:\/\/especiales.publico.es\/es\/25n-las-discriminaciones-ocultas\/entrevista-marian-moreno-llaneza<\/a><\/p>\n","protected":false},"excerpt":{"rendered":"<p>Os dejamos a continuaci\u00f3n la entrevista que le han realizado a Marian Moreno, una de las tutoras de la formaci\u00f3n que estamos haciendo en materia coeducativa, en el diario digital P\u00fablico. http:\/\/especiales.publico.es\/es\/25n-las-discriminaciones-ocultas\/entrevista-marian-moreno-llaneza<\/p>\n","protected":false},"author":7,"featured_media":0,"comment_status":"open","ping_status":"open","sticky":false,"template":"","format":"standard","meta":[],"categories":[1],"tags":[],"_links":{"self":[{"href":"https:\/\/iesbenjamin.educacion.navarra.es\/blogs\/igualdad\/wp-json\/wp\/v2\/posts\/671"}],"collection":[{"href":"https:\/\/iesbenjamin.educacion.navarra.es\/blogs\/igualdad\/wp-json\/wp\/v2\/posts"}],"about":[{"href":"https:\/\/iesbenjamin.educacion.navarra.es\/blogs\/igualdad\/wp-json\/wp\/v2\/types\/post"}],"author":[{"embeddable":true,"href":"https:\/\/iesbenjamin.educacion.navarra.es\/blogs\/igualdad\/wp-json\/wp\/v2\/users\/7"}],"replies":[{"embeddable":true,"href":"https:\/\/iesbenjamin.educacion.navarra.es\/blogs\/igualdad\/wp-json\/wp\/v2\/comments?post=671"}],"version-history":[{"count":1,"href":"https:\/\/iesbenjamin.educacion.navarra.es\/blogs\/igualdad\/wp-json\/wp\/v2\/posts\/671\/revisions"}],"predecessor-version":[{"id":673,"href":"https:\/\/iesbenjamin.educacion.navarra.es\/blogs\/igualdad\/wp-json\/wp\/v2\/posts\/671\/revisions\/673"}],"wp:attachment":[{"href":"https:\/\/iesbenjamin.educacion.navarra.es\/blogs\/igualdad\/wp-json\/wp\/v2\/media?parent=671"}],"wp:term":[{"taxonomy":"category","embeddable":true,"href":"https:\/\/iesbenjamin.educacion.navarra.es\/blogs\/igualdad\/wp-json\/wp\/v2\/categories?post=671"},{"taxonomy":"post_tag","embeddable":true,"href":"https:\/\/iesbenjamin.educacion.navarra.es\/blogs\/igualdad\/wp-json\/wp\/v2\/tags?post=671"}],"curies":[{"name":"wp","href":"https:\/\/api.w.org\/{rel}","templated":true}]}}