{"id":657,"date":"2017-10-25T17:28:47","date_gmt":"2017-10-25T15:28:47","guid":{"rendered":"https:\/\/iesbenjamin.educacion.navarra.es\/blogs\/igualdad\/?p=657"},"modified":"2017-10-25T17:28:47","modified_gmt":"2017-10-25T15:28:47","slug":"formacion-profesorado","status":"publish","type":"post","link":"https:\/\/iesbenjamin.educacion.navarra.es\/blogs\/igualdad\/2017\/10\/25\/formacion-profesorado\/","title":{"rendered":"FORMACI\u00d3N PROFESORADO"},"content":{"rendered":"<p style=\"text-align: center\">Como ya comentamos en una entrada anterior el IES Benjam\u00edn de Tudela est\u00e1 participando este curso en un proyecto de pilotaje: \u00abCreciendo en Igualdad\u00bb junto con otros centros de Navarra.<\/p>\n<p style=\"text-align: center\"><img loading=\"lazy\" class=\"alignnone size-medium wp-image-658\" src=\"https:\/\/iesbenjamin.educacion.navarra.es\/blogs\/igualdad\/wp-content\/uploads\/sites\/5\/2017\/10\/Skol-768x246-300x96.jpg\" alt=\"\" width=\"300\" height=\"96\" srcset=\"https:\/\/iesbenjamin.educacion.navarra.es\/blogs\/igualdad\/wp-content\/uploads\/sites\/5\/2017\/10\/Skol-768x246-300x96.jpg 300w, https:\/\/iesbenjamin.educacion.navarra.es\/blogs\/igualdad\/wp-content\/uploads\/sites\/5\/2017\/10\/Skol-768x246.jpg 768w\" sizes=\"(max-width: 300px) 100vw, 300px\" \/><\/p>\n<p style=\"text-align: center\">Uno de los pilares de este proyecto es la formaci\u00f3n del profesorado. En este sentido el claustro del instituto asistimos a una formaci\u00f3n inicial impartida por Carmen Ruiz Repullo.<\/p>\n<p style=\"text-align: center\"><img loading=\"lazy\" class=\"alignnone size-medium wp-image-659\" src=\"https:\/\/iesbenjamin.educacion.navarra.es\/blogs\/igualdad\/wp-content\/uploads\/sites\/5\/2017\/10\/30278379160_4b6513710f-300x205.jpg\" alt=\"\" width=\"300\" height=\"205\" srcset=\"https:\/\/iesbenjamin.educacion.navarra.es\/blogs\/igualdad\/wp-content\/uploads\/sites\/5\/2017\/10\/30278379160_4b6513710f-300x205.jpg 300w, https:\/\/iesbenjamin.educacion.navarra.es\/blogs\/igualdad\/wp-content\/uploads\/sites\/5\/2017\/10\/30278379160_4b6513710f.jpg 500w\" sizes=\"(max-width: 300px) 100vw, 300px\" \/><\/p>\n<p style=\"text-align: center\">Carmen Ruiz es Licenciada en Ciencias Pol\u00edticas y Sociolog\u00eda por la Universidad de Granada. Doctora en Sociolog\u00eda por la Universidad de Olavide con la tesis \u00abLos pelda\u00f1os perversos del amor. El proceso de la violencia de g\u00e9nero en adolescentes\u00bb. Formadora en materia de coeducaci\u00f3n y prevenci\u00f3n de la violencia de g\u00e9nero en la adolescencia. Investigadora en violencia de g\u00e9nero y sexual en poblaci\u00f3n joven. Premio Meridiana por las iniciativas que promueven la coeducaci\u00f3n y la prevenci\u00f3n de la violencia de g\u00e9nero.<\/p>\n<p style=\"text-align: center\">Carmen Ruiz lleva desde el a\u00f1o 2000 trabajando en \u00e1reas como la formaci\u00f3n a alumnado, profesorado y familias en g\u00e9nero y realizando investigaciones con numerosas publicaciones en el Instituto Andaluz de la Mujer entre otros organismos.<\/p>\n<p style=\"text-align: center\">Os dejamos una entrevista que Mujeres en Red le realiz\u00f3 a Carmen Ruiz en la que se le pregunta sobre los retos para el profesorado en coeducaci\u00f3n y en buenas pr\u00e1cticas. Una entrevista en la que se dan muchas pistas sobre los retos de la coeducaci\u00f3n hoy.<\/p>\n<p><iframe loading=\"lazy\" src=\"https:\/\/player.vimeo.com\/video\/15763519\" width=\"640\" height=\"480\" frameborder=\"0\" title=\"Carmen Ruiz Repullo. Coeducaci&oacute;n\" webkitallowfullscreen mozallowfullscreen allowfullscreen><\/iframe><\/p>\n<p style=\"text-align: center\">Muchas gracias Carmen por tu trabajo.<\/p>\n","protected":false},"excerpt":{"rendered":"<p>Como ya comentamos en una entrada anterior el IES Benjam\u00edn de Tudela est\u00e1 participando este curso en un proyecto de pilotaje: \u00abCreciendo en Igualdad\u00bb junto con otros centros de Navarra. Uno de los pilares de este proyecto es la formaci\u00f3n &hellip; <a href=\"https:\/\/iesbenjamin.educacion.navarra.es\/blogs\/igualdad\/2017\/10\/25\/formacion-profesorado\/\">Sigue leyendo <span class=\"meta-nav\">&rarr;<\/span><\/a><\/p>\n","protected":false},"author":7,"featured_media":0,"comment_status":"open","ping_status":"open","sticky":false,"template":"","format":"standard","meta":[],"categories":[1],"tags":[],"_links":{"self":[{"href":"https:\/\/iesbenjamin.educacion.navarra.es\/blogs\/igualdad\/wp-json\/wp\/v2\/posts\/657"}],"collection":[{"href":"https:\/\/iesbenjamin.educacion.navarra.es\/blogs\/igualdad\/wp-json\/wp\/v2\/posts"}],"about":[{"href":"https:\/\/iesbenjamin.educacion.navarra.es\/blogs\/igualdad\/wp-json\/wp\/v2\/types\/post"}],"author":[{"embeddable":true,"href":"https:\/\/iesbenjamin.educacion.navarra.es\/blogs\/igualdad\/wp-json\/wp\/v2\/users\/7"}],"replies":[{"embeddable":true,"href":"https:\/\/iesbenjamin.educacion.navarra.es\/blogs\/igualdad\/wp-json\/wp\/v2\/comments?post=657"}],"version-history":[{"count":1,"href":"https:\/\/iesbenjamin.educacion.navarra.es\/blogs\/igualdad\/wp-json\/wp\/v2\/posts\/657\/revisions"}],"predecessor-version":[{"id":660,"href":"https:\/\/iesbenjamin.educacion.navarra.es\/blogs\/igualdad\/wp-json\/wp\/v2\/posts\/657\/revisions\/660"}],"wp:attachment":[{"href":"https:\/\/iesbenjamin.educacion.navarra.es\/blogs\/igualdad\/wp-json\/wp\/v2\/media?parent=657"}],"wp:term":[{"taxonomy":"category","embeddable":true,"href":"https:\/\/iesbenjamin.educacion.navarra.es\/blogs\/igualdad\/wp-json\/wp\/v2\/categories?post=657"},{"taxonomy":"post_tag","embeddable":true,"href":"https:\/\/iesbenjamin.educacion.navarra.es\/blogs\/igualdad\/wp-json\/wp\/v2\/tags?post=657"}],"curies":[{"name":"wp","href":"https:\/\/api.w.org\/{rel}","templated":true}]}}