{"id":648,"date":"2017-10-15T20:53:52","date_gmt":"2017-10-15T18:53:52","guid":{"rendered":"https:\/\/iesbenjamin.educacion.navarra.es\/blogs\/igualdad\/?p=648"},"modified":"2017-10-15T20:53:52","modified_gmt":"2017-10-15T18:53:52","slug":"dia-internacional-de-la-mujer-rural","status":"publish","type":"post","link":"https:\/\/iesbenjamin.educacion.navarra.es\/blogs\/igualdad\/2017\/10\/15\/dia-internacional-de-la-mujer-rural\/","title":{"rendered":"D\u00cdA INTERNACIONAL DE LA MUJER RURAL"},"content":{"rendered":"<p style=\"text-align: center\"><img loading=\"lazy\" class=\"alignnone  wp-image-649\" src=\"https:\/\/iesbenjamin.educacion.navarra.es\/blogs\/igualdad\/wp-content\/uploads\/sites\/5\/2017\/10\/d\u00eda-de-la-mujer-rural-212x300.jpg\" alt=\"\" width=\"247\" height=\"350\" srcset=\"https:\/\/iesbenjamin.educacion.navarra.es\/blogs\/igualdad\/wp-content\/uploads\/sites\/5\/2017\/10\/d\u00eda-de-la-mujer-rural-212x300.jpg 212w, https:\/\/iesbenjamin.educacion.navarra.es\/blogs\/igualdad\/wp-content\/uploads\/sites\/5\/2017\/10\/d\u00eda-de-la-mujer-rural.jpg 679w\" sizes=\"(max-width: 247px) 100vw, 247px\" \/><\/p>\n<p style=\"text-align: center\">Las mujeres rurales representan m\u00e1s de un tercio de la poblaci\u00f3n mundial y el 43% de la mano de obra agr\u00edcola. Labran la tierra y plantan las semillas que alimentan a naciones enteras. Adem\u00e1s, garantizan la seguridad alimentaria de sus comunidades y ayudan a preparar a esas comunidades frente al cambio clim\u00e1tico.<\/p>\n<p style=\"text-align: center\">Sin embargo, como se\u00f1ala ONU Mujeres, las campesinas sufren de manera desproporcionada los m\u00faltiples aspectos de pobreza y pese a ser tan productivas y buenas gestoras como sus hom\u00f3logos masculinos, no disponen del mismo acceso a la tierra, cr\u00e9ditos, materiales agr\u00edcolas o mercados. Tampoco disfrutan de un acceso equitativo a servicios p\u00fablicos, como la educaci\u00f3n y la asistencia sanitaria, ni a infraestructuras, como el agua y saneamiento.<\/p>\n<p style=\"text-align: center\"><img loading=\"lazy\" class=\"alignnone  wp-image-650\" src=\"https:\/\/iesbenjamin.educacion.navarra.es\/blogs\/igualdad\/wp-content\/uploads\/sites\/5\/2017\/10\/featured-image-index-300x125.jpg\" alt=\"\" width=\"394\" height=\"164\" srcset=\"https:\/\/iesbenjamin.educacion.navarra.es\/blogs\/igualdad\/wp-content\/uploads\/sites\/5\/2017\/10\/featured-image-index-300x125.jpg 300w, https:\/\/iesbenjamin.educacion.navarra.es\/blogs\/igualdad\/wp-content\/uploads\/sites\/5\/2017\/10\/featured-image-index-768x320.jpg 768w, https:\/\/iesbenjamin.educacion.navarra.es\/blogs\/igualdad\/wp-content\/uploads\/sites\/5\/2017\/10\/featured-image-index-1024x427.jpg 1024w, https:\/\/iesbenjamin.educacion.navarra.es\/blogs\/igualdad\/wp-content\/uploads\/sites\/5\/2017\/10\/featured-image-index.jpg 1200w\" sizes=\"(max-width: 394px) 100vw, 394px\" \/><\/p>\n<p style=\"text-align: center\">Las barreras estructurales y las normas sociales discriminatorias contin\u00faan limitando el poder de las mujeres rurales en la participaci\u00f3n pol\u00edtica dentro de sus comunidades y hogares. Su labor es invisible y no remunerada, a pesar de que las tareas aumentan y se endurecen debido a la migraci\u00f3n de los hombres. Mundialmente, con pocas excepciones, todos los indicadores de g\u00e9nero y desarrollo muestran que las campesinas se encuentran en peores condiciones que los hombres del campo y que las mujeres urbanas.<\/p>\n<p style=\"text-align: center\">La situaci\u00f3n descrita est\u00e1 empeorando, adem\u00e1s, debido a que los efectos del cambio clim\u00e1tico sobre los recursos naturales y productivos agravan las desigualdades de g\u00e9nero existentes en las zonas rurales.<\/p>\n<p style=\"text-align: center\">La conmemoraci\u00f3n este a\u00f1o del D\u00eda Internacional de las Mujeres Rurales se centra en priorizar su empoderamiento mediante distintas iniciativas.<\/p>\n<h6>Fuente:\u00a0http:\/\/www.un.org\/es\/events\/ruralwomenday\/<\/h6>\n<p>&nbsp;<\/p>\n","protected":false},"excerpt":{"rendered":"<p>Las mujeres rurales representan m\u00e1s de un tercio de la poblaci\u00f3n mundial y el 43% de la mano de obra agr\u00edcola. Labran la tierra y plantan las semillas que alimentan a naciones enteras. Adem\u00e1s, garantizan la seguridad alimentaria de sus &hellip; <a href=\"https:\/\/iesbenjamin.educacion.navarra.es\/blogs\/igualdad\/2017\/10\/15\/dia-internacional-de-la-mujer-rural\/\">Sigue leyendo <span class=\"meta-nav\">&rarr;<\/span><\/a><\/p>\n","protected":false},"author":7,"featured_media":0,"comment_status":"open","ping_status":"open","sticky":false,"template":"","format":"standard","meta":[],"categories":[1],"tags":[],"_links":{"self":[{"href":"https:\/\/iesbenjamin.educacion.navarra.es\/blogs\/igualdad\/wp-json\/wp\/v2\/posts\/648"}],"collection":[{"href":"https:\/\/iesbenjamin.educacion.navarra.es\/blogs\/igualdad\/wp-json\/wp\/v2\/posts"}],"about":[{"href":"https:\/\/iesbenjamin.educacion.navarra.es\/blogs\/igualdad\/wp-json\/wp\/v2\/types\/post"}],"author":[{"embeddable":true,"href":"https:\/\/iesbenjamin.educacion.navarra.es\/blogs\/igualdad\/wp-json\/wp\/v2\/users\/7"}],"replies":[{"embeddable":true,"href":"https:\/\/iesbenjamin.educacion.navarra.es\/blogs\/igualdad\/wp-json\/wp\/v2\/comments?post=648"}],"version-history":[{"count":1,"href":"https:\/\/iesbenjamin.educacion.navarra.es\/blogs\/igualdad\/wp-json\/wp\/v2\/posts\/648\/revisions"}],"predecessor-version":[{"id":651,"href":"https:\/\/iesbenjamin.educacion.navarra.es\/blogs\/igualdad\/wp-json\/wp\/v2\/posts\/648\/revisions\/651"}],"wp:attachment":[{"href":"https:\/\/iesbenjamin.educacion.navarra.es\/blogs\/igualdad\/wp-json\/wp\/v2\/media?parent=648"}],"wp:term":[{"taxonomy":"category","embeddable":true,"href":"https:\/\/iesbenjamin.educacion.navarra.es\/blogs\/igualdad\/wp-json\/wp\/v2\/categories?post=648"},{"taxonomy":"post_tag","embeddable":true,"href":"https:\/\/iesbenjamin.educacion.navarra.es\/blogs\/igualdad\/wp-json\/wp\/v2\/tags?post=648"}],"curies":[{"name":"wp","href":"https:\/\/api.w.org\/{rel}","templated":true}]}}