{"id":276,"date":"2017-02-09T21:56:06","date_gmt":"2017-02-09T20:56:06","guid":{"rendered":"http:\/\/iesbenjamin.educacion.navarra.es\/blogs\/igualdad\/?p=276"},"modified":"2017-02-09T21:56:06","modified_gmt":"2017-02-09T20:56:06","slug":"que-celebraremos-el-8-de-marzo","status":"publish","type":"post","link":"https:\/\/iesbenjamin.educacion.navarra.es\/blogs\/igualdad\/2017\/02\/09\/que-celebraremos-el-8-de-marzo\/","title":{"rendered":"\u00bfQU\u00c9 CELEBRAREMOS EL 8 DE MARZO?"},"content":{"rendered":"<p style=\"text-align: center\"><img loading=\"lazy\" class=\"alignnone wp-image-277\" src=\"http:\/\/iesbenjamin.educacion.navarra.es\/blogs\/igualdad\/wp-content\/uploads\/sites\/5\/2017\/02\/Imagen1-300x141.png\" alt=\"\" width=\"639\" height=\"300\" srcset=\"https:\/\/iesbenjamin.educacion.navarra.es\/blogs\/igualdad\/wp-content\/uploads\/sites\/5\/2017\/02\/Imagen1-300x141.png 300w, https:\/\/iesbenjamin.educacion.navarra.es\/blogs\/igualdad\/wp-content\/uploads\/sites\/5\/2017\/02\/Imagen1-768x361.png 768w, https:\/\/iesbenjamin.educacion.navarra.es\/blogs\/igualdad\/wp-content\/uploads\/sites\/5\/2017\/02\/Imagen1.png 791w\" sizes=\"(max-width: 639px) 100vw, 639px\" \/><\/p>\n<p style=\"text-align: center\">La historia m\u00e1s extendida sobre la conmemoraci\u00f3n del 8 de marzo hace referencia a los hechos que sucedieron en esta fecha del a\u00f1o 1911, donde murieron calcinadas 146 mujeres trabajadoras de la f\u00e1brica textil Cotton de Nueva York en un incendio provocado por las bombas incendiarias que les lanzaron ante la negativa de abandonar el encierro en el que protestaban por los bajos salarios y las infames condiciones de trabajo que padec\u00edan. Tambi\u00e9n se reconoce como antecedente a las manifestaciones protagonizadas por obreras textiles el 8 de marzo de 1857, tambi\u00e9n en Nueva York.<\/p>\n<p><iframe loading=\"lazy\" width=\"640\" height=\"480\" src=\"https:\/\/www.youtube.com\/embed\/J9oMOoQXSSI?feature=oembed\" frameborder=\"0\" allowfullscreen><\/iframe><\/p>\n<p><iframe loading=\"lazy\" width=\"640\" height=\"480\" src=\"https:\/\/www.youtube.com\/embed\/ZFSknVsXF68?feature=oembed\" frameborder=\"0\" allowfullscreen><\/iframe><\/p>\n","protected":false},"excerpt":{"rendered":"<p>La historia m\u00e1s extendida sobre la conmemoraci\u00f3n del 8 de marzo hace referencia a los hechos que sucedieron en esta fecha del a\u00f1o 1911, donde murieron calcinadas 146 mujeres trabajadoras de la f\u00e1brica textil Cotton de Nueva York en un &hellip; <a href=\"https:\/\/iesbenjamin.educacion.navarra.es\/blogs\/igualdad\/2017\/02\/09\/que-celebraremos-el-8-de-marzo\/\">Sigue leyendo <span class=\"meta-nav\">&rarr;<\/span><\/a><\/p>\n","protected":false},"author":7,"featured_media":0,"comment_status":"open","ping_status":"open","sticky":false,"template":"","format":"standard","meta":[],"categories":[1],"tags":[],"_links":{"self":[{"href":"https:\/\/iesbenjamin.educacion.navarra.es\/blogs\/igualdad\/wp-json\/wp\/v2\/posts\/276"}],"collection":[{"href":"https:\/\/iesbenjamin.educacion.navarra.es\/blogs\/igualdad\/wp-json\/wp\/v2\/posts"}],"about":[{"href":"https:\/\/iesbenjamin.educacion.navarra.es\/blogs\/igualdad\/wp-json\/wp\/v2\/types\/post"}],"author":[{"embeddable":true,"href":"https:\/\/iesbenjamin.educacion.navarra.es\/blogs\/igualdad\/wp-json\/wp\/v2\/users\/7"}],"replies":[{"embeddable":true,"href":"https:\/\/iesbenjamin.educacion.navarra.es\/blogs\/igualdad\/wp-json\/wp\/v2\/comments?post=276"}],"version-history":[{"count":8,"href":"https:\/\/iesbenjamin.educacion.navarra.es\/blogs\/igualdad\/wp-json\/wp\/v2\/posts\/276\/revisions"}],"predecessor-version":[{"id":286,"href":"https:\/\/iesbenjamin.educacion.navarra.es\/blogs\/igualdad\/wp-json\/wp\/v2\/posts\/276\/revisions\/286"}],"wp:attachment":[{"href":"https:\/\/iesbenjamin.educacion.navarra.es\/blogs\/igualdad\/wp-json\/wp\/v2\/media?parent=276"}],"wp:term":[{"taxonomy":"category","embeddable":true,"href":"https:\/\/iesbenjamin.educacion.navarra.es\/blogs\/igualdad\/wp-json\/wp\/v2\/categories?post=276"},{"taxonomy":"post_tag","embeddable":true,"href":"https:\/\/iesbenjamin.educacion.navarra.es\/blogs\/igualdad\/wp-json\/wp\/v2\/tags?post=276"}],"curies":[{"name":"wp","href":"https:\/\/api.w.org\/{rel}","templated":true}]}}