{"id":215,"date":"2017-01-25T22:38:28","date_gmt":"2017-01-25T21:38:28","guid":{"rendered":"http:\/\/iesbenjamin.educacion.navarra.es\/blogs\/igualdad\/?p=215"},"modified":"2017-01-25T22:43:08","modified_gmt":"2017-01-25T21:43:08","slug":"como-una-nina","status":"publish","type":"post","link":"https:\/\/iesbenjamin.educacion.navarra.es\/blogs\/igualdad\/2017\/01\/25\/como-una-nina\/","title":{"rendered":"\u00bfCOMO UNA NI\u00d1A?"},"content":{"rendered":"<p style=\"text-align: center\">\u00bfCu\u00e1ndo hacer algo \u00abcomo una ni\u00f1a\u00bb se convirti\u00f3 en un insulto?<\/p>\n<p style=\"text-align: center\">Esta es la pregunta a la que se quiere dar respuesta en el experimento social de la campa\u00f1a de Always \u00ablike a girl\u00bb.<\/p>\n<p style=\"text-align: center\">Es muy probable que hay\u00e1is visto el v\u00eddeo ya que fue viral hace pocos meses. Si no lo hab\u00e9is visto, lo pod\u00e9is ver en el siguiente enlace:<\/p>\n<p><iframe loading=\"lazy\" width=\"640\" height=\"360\" src=\"https:\/\/www.youtube.com\/embed\/wSNYYThX5-g?feature=oembed\" frameborder=\"0\" allowfullscreen><\/iframe><\/p>\n","protected":false},"excerpt":{"rendered":"<p>\u00bfCu\u00e1ndo hacer algo \u00abcomo una ni\u00f1a\u00bb se convirti\u00f3 en un insulto? Esta es la pregunta a la que se quiere dar respuesta en el experimento social de la campa\u00f1a de Always \u00ablike a girl\u00bb. Es muy probable que hay\u00e1is visto &hellip; <a href=\"https:\/\/iesbenjamin.educacion.navarra.es\/blogs\/igualdad\/2017\/01\/25\/como-una-nina\/\">Sigue leyendo <span class=\"meta-nav\">&rarr;<\/span><\/a><\/p>\n","protected":false},"author":7,"featured_media":0,"comment_status":"open","ping_status":"open","sticky":false,"template":"","format":"standard","meta":[],"categories":[1],"tags":[],"_links":{"self":[{"href":"https:\/\/iesbenjamin.educacion.navarra.es\/blogs\/igualdad\/wp-json\/wp\/v2\/posts\/215"}],"collection":[{"href":"https:\/\/iesbenjamin.educacion.navarra.es\/blogs\/igualdad\/wp-json\/wp\/v2\/posts"}],"about":[{"href":"https:\/\/iesbenjamin.educacion.navarra.es\/blogs\/igualdad\/wp-json\/wp\/v2\/types\/post"}],"author":[{"embeddable":true,"href":"https:\/\/iesbenjamin.educacion.navarra.es\/blogs\/igualdad\/wp-json\/wp\/v2\/users\/7"}],"replies":[{"embeddable":true,"href":"https:\/\/iesbenjamin.educacion.navarra.es\/blogs\/igualdad\/wp-json\/wp\/v2\/comments?post=215"}],"version-history":[{"count":2,"href":"https:\/\/iesbenjamin.educacion.navarra.es\/blogs\/igualdad\/wp-json\/wp\/v2\/posts\/215\/revisions"}],"predecessor-version":[{"id":219,"href":"https:\/\/iesbenjamin.educacion.navarra.es\/blogs\/igualdad\/wp-json\/wp\/v2\/posts\/215\/revisions\/219"}],"wp:attachment":[{"href":"https:\/\/iesbenjamin.educacion.navarra.es\/blogs\/igualdad\/wp-json\/wp\/v2\/media?parent=215"}],"wp:term":[{"taxonomy":"category","embeddable":true,"href":"https:\/\/iesbenjamin.educacion.navarra.es\/blogs\/igualdad\/wp-json\/wp\/v2\/categories?post=215"},{"taxonomy":"post_tag","embeddable":true,"href":"https:\/\/iesbenjamin.educacion.navarra.es\/blogs\/igualdad\/wp-json\/wp\/v2\/tags?post=215"}],"curies":[{"name":"wp","href":"https:\/\/api.w.org\/{rel}","templated":true}]}}