{"id":830,"date":"2016-06-23T11:25:05","date_gmt":"2016-06-23T09:25:05","guid":{"rendered":"http:\/\/iesbenjamin.educacion.navarra.es\/blogs\/50aniversario\/?p=830"},"modified":"2016-07-26T19:50:11","modified_gmt":"2016-07-26T17:50:11","slug":"mesa-redonda-de-distintas-directivas-del-benjamin","status":"publish","type":"post","link":"https:\/\/iesbenjamin.educacion.navarra.es\/blogs\/50aniversario\/2016\/06\/23\/mesa-redonda-de-distintas-directivas-del-benjamin\/","title":{"rendered":"Mesa redonda de Distintas Directivas del Benjam\u00edn"},"content":{"rendered":"<p style=\"text-align: justify;\">\u00a0 Esta ma\u00f1ana del 21 de junio de 2016 hemos asistido a una mesa redonda con algunas de las direcciones de los \u00faltimos a\u00f1os. Las intervenciones han corrido a cargo de Mariela G\u00f3mez Ullate, C\u00e9sar Sancho, Concha Gaud\u00f3, M.\u00aa Pilar Ciria, Inmaculada Ruiz, Manuel Campillo, Laina Rivera, Juan Manuel S\u00e1inz y Rodrigo Jim\u00e9nez.<\/p>\n<p style=\"text-align: justify;\">\u00a0 Todos ellos se han prestado a compartir en este sencillo y entra\u00f1able acto su testimonio y sus experiencias durante su etapa de gesti\u00f3n. Han finalizado sus intervenciones con sus impresiones sobre el futuro de la educaci\u00f3n y del centro. Tras acabar el acto hemos pasado a visitar la exposici\u00f3n y nos hemos hecho la tradicional foto de grupo. Una velada hist\u00f3rica que nos quedar\u00e1 para el recuerdo.<\/p>\n<p style=\"text-align: justify;\"><img loading=\"lazy\" class=\"wp-image-833 aligncenter\" src=\"http:\/\/iesbenjamin.educacion.navarra.es\/blogs\/50aniversario\/wp-content\/uploads\/sites\/2\/2016\/06\/Mesa3.jpg\" alt=\"Mesa3\" width=\"824\" height=\"547\" srcset=\"https:\/\/iesbenjamin.educacion.navarra.es\/blogs\/50aniversario\/wp-content\/uploads\/sites\/2\/2016\/06\/Mesa3.jpg 2048w, https:\/\/iesbenjamin.educacion.navarra.es\/blogs\/50aniversario\/wp-content\/uploads\/sites\/2\/2016\/06\/Mesa3-300x199.jpg 300w, https:\/\/iesbenjamin.educacion.navarra.es\/blogs\/50aniversario\/wp-content\/uploads\/sites\/2\/2016\/06\/Mesa3-768x510.jpg 768w, https:\/\/iesbenjamin.educacion.navarra.es\/blogs\/50aniversario\/wp-content\/uploads\/sites\/2\/2016\/06\/Mesa3-1024x681.jpg 1024w\" sizes=\"(max-width: 824px) 100vw, 824px\" \/><\/p>\n<p style=\"text-align: justify;\"><img loading=\"lazy\" class=\"wp-image-832 aligncenter\" src=\"http:\/\/iesbenjamin.educacion.navarra.es\/blogs\/50aniversario\/wp-content\/uploads\/sites\/2\/2016\/06\/Mesa2.jpg\" alt=\"Mesa2\" width=\"825\" height=\"548\" srcset=\"https:\/\/iesbenjamin.educacion.navarra.es\/blogs\/50aniversario\/wp-content\/uploads\/sites\/2\/2016\/06\/Mesa2.jpg 2048w, https:\/\/iesbenjamin.educacion.navarra.es\/blogs\/50aniversario\/wp-content\/uploads\/sites\/2\/2016\/06\/Mesa2-300x199.jpg 300w, https:\/\/iesbenjamin.educacion.navarra.es\/blogs\/50aniversario\/wp-content\/uploads\/sites\/2\/2016\/06\/Mesa2-768x510.jpg 768w, https:\/\/iesbenjamin.educacion.navarra.es\/blogs\/50aniversario\/wp-content\/uploads\/sites\/2\/2016\/06\/Mesa2-1024x681.jpg 1024w\" sizes=\"(max-width: 825px) 100vw, 825px\" \/><\/p>\n<p style=\"text-align: justify;\"><img loading=\"lazy\" class=\"wp-image-834 aligncenter\" src=\"http:\/\/iesbenjamin.educacion.navarra.es\/blogs\/50aniversario\/wp-content\/uploads\/sites\/2\/2016\/06\/Mesa4.jpg\" alt=\"Mesa4\" width=\"822\" height=\"546\" srcset=\"https:\/\/iesbenjamin.educacion.navarra.es\/blogs\/50aniversario\/wp-content\/uploads\/sites\/2\/2016\/06\/Mesa4.jpg 2048w, https:\/\/iesbenjamin.educacion.navarra.es\/blogs\/50aniversario\/wp-content\/uploads\/sites\/2\/2016\/06\/Mesa4-300x199.jpg 300w, https:\/\/iesbenjamin.educacion.navarra.es\/blogs\/50aniversario\/wp-content\/uploads\/sites\/2\/2016\/06\/Mesa4-768x510.jpg 768w, https:\/\/iesbenjamin.educacion.navarra.es\/blogs\/50aniversario\/wp-content\/uploads\/sites\/2\/2016\/06\/Mesa4-1024x681.jpg 1024w\" sizes=\"(max-width: 822px) 100vw, 822px\" \/><\/p>\n","protected":false},"excerpt":{"rendered":"<p>\u00a0 Esta ma\u00f1ana del 21 de junio de 2016 hemos asistido a una mesa redonda con algunas de las direcciones de los \u00faltimos a\u00f1os. Las intervenciones han corrido a cargo de Mariela G\u00f3mez Ullate, C\u00e9sar Sancho, Concha Gaud\u00f3, M.\u00aa Pilar Ciria, Inmaculada Ruiz, Manuel Campillo, Laina Rivera, Juan Manuel S\u00e1inz y Rodrigo Jim\u00e9nez. \u00a0 Todos [&hellip;]<\/p>\n","protected":false},"author":2,"featured_media":834,"comment_status":"open","ping_status":"open","sticky":false,"template":"","format":"standard","meta":{"_genesis_hide_title":false,"_genesis_hide_breadcrumbs":false,"_genesis_hide_singular_image":false,"_genesis_hide_footer_widgets":false,"_genesis_custom_body_class":"","_genesis_custom_post_class":"","_genesis_layout":""},"categories":[6,8,7],"tags":[],"_links":{"self":[{"href":"https:\/\/iesbenjamin.educacion.navarra.es\/blogs\/50aniversario\/wp-json\/wp\/v2\/posts\/830"}],"collection":[{"href":"https:\/\/iesbenjamin.educacion.navarra.es\/blogs\/50aniversario\/wp-json\/wp\/v2\/posts"}],"about":[{"href":"https:\/\/iesbenjamin.educacion.navarra.es\/blogs\/50aniversario\/wp-json\/wp\/v2\/types\/post"}],"author":[{"embeddable":true,"href":"https:\/\/iesbenjamin.educacion.navarra.es\/blogs\/50aniversario\/wp-json\/wp\/v2\/users\/2"}],"replies":[{"embeddable":true,"href":"https:\/\/iesbenjamin.educacion.navarra.es\/blogs\/50aniversario\/wp-json\/wp\/v2\/comments?post=830"}],"version-history":[{"count":3,"href":"https:\/\/iesbenjamin.educacion.navarra.es\/blogs\/50aniversario\/wp-json\/wp\/v2\/posts\/830\/revisions"}],"predecessor-version":[{"id":854,"href":"https:\/\/iesbenjamin.educacion.navarra.es\/blogs\/50aniversario\/wp-json\/wp\/v2\/posts\/830\/revisions\/854"}],"wp:featuredmedia":[{"embeddable":true,"href":"https:\/\/iesbenjamin.educacion.navarra.es\/blogs\/50aniversario\/wp-json\/wp\/v2\/media\/834"}],"wp:attachment":[{"href":"https:\/\/iesbenjamin.educacion.navarra.es\/blogs\/50aniversario\/wp-json\/wp\/v2\/media?parent=830"}],"wp:term":[{"taxonomy":"category","embeddable":true,"href":"https:\/\/iesbenjamin.educacion.navarra.es\/blogs\/50aniversario\/wp-json\/wp\/v2\/categories?post=830"},{"taxonomy":"post_tag","embeddable":true,"href":"https:\/\/iesbenjamin.educacion.navarra.es\/blogs\/50aniversario\/wp-json\/wp\/v2\/tags?post=830"}],"curies":[{"name":"wp","href":"https:\/\/api.w.org\/{rel}","templated":true}]}}