{"id":424,"date":"2016-03-07T10:15:47","date_gmt":"2016-03-07T09:15:47","guid":{"rendered":"http:\/\/iesbenjamin.educacion.navarra.es\/blogs\/50aniversario\/?p=424"},"modified":"2016-03-07T10:15:47","modified_gmt":"2016-03-07T09:15:47","slug":"maria-irisarri-2000-2007","status":"publish","type":"post","link":"https:\/\/iesbenjamin.educacion.navarra.es\/blogs\/50aniversario\/2016\/03\/07\/maria-irisarri-2000-2007\/","title":{"rendered":"Mar\u00eda Irisarri. 2000-2007"},"content":{"rendered":"<p><img loading=\"lazy\" class=\"alignnone size-full wp-image-425\" src=\"http:\/\/iesbenjamin.educacion.navarra.es\/blogs\/50aniversario\/wp-content\/uploads\/sites\/2\/2016\/03\/Mar\u00eda-Irisarri.jpg\" alt=\"Mar\u00eda Irisarri\" width=\"1296\" height=\"972\" srcset=\"https:\/\/iesbenjamin.educacion.navarra.es\/blogs\/50aniversario\/wp-content\/uploads\/sites\/2\/2016\/03\/Mar\u00eda-Irisarri.jpg 1296w, https:\/\/iesbenjamin.educacion.navarra.es\/blogs\/50aniversario\/wp-content\/uploads\/sites\/2\/2016\/03\/Mar\u00eda-Irisarri-300x225.jpg 300w, https:\/\/iesbenjamin.educacion.navarra.es\/blogs\/50aniversario\/wp-content\/uploads\/sites\/2\/2016\/03\/Mar\u00eda-Irisarri-768x576.jpg 768w, https:\/\/iesbenjamin.educacion.navarra.es\/blogs\/50aniversario\/wp-content\/uploads\/sites\/2\/2016\/03\/Mar\u00eda-Irisarri-1024x768.jpg 1024w\" sizes=\"(max-width: 1296px) 100vw, 1296px\" \/><\/p>\n<p>&nbsp;<\/p>\n<p>Soy Mar\u00eda Irisarri. Estudi\u00e9 en el IES Benjam\u00edn de 2000- 2007.<\/p>\n<p>Trabajo como tutora en el Colegio Mayor Universitario Josefa Segovia de Zaragoza y soy profesora de Espa\u00f1ol para mujeres inmigrantes de un proyecto (\u201cTejiendo sue\u00f1os solidarios\u201d)que coordinamos desde el Colegio Mayor en un barrio de la ciudad. Este verano estuve trabajando como voluntaria en Manila, en colegios de zonas marginales, implantando una nueva metodolog\u00eda de ense\u00f1anza gracias a un proyecto europeo.<\/p>\n<p>Mi vocaci\u00f3n por las humanidades y las letras se la debo a mi paso por el Benjam\u00edn y a los buenos profesores que all\u00ed tuve y me la supieron transmitir. Sin ella, el curso de mi vida probablemente hubiera sido diferente de lo que es ahora.<\/p>\n<p>El viaje de estudios a Paris- Amsterdam, <em>la semana Blanca y la Semana Verde,<\/em> \u00a0los Premios a la Creaci\u00f3n, la revista \u201cPunto Cero\u201d, los marca p\u00e1ginas que se creaban cada semana, el coro de profesores y alumnos del instituto con el que \u00edbamos a la residencia de ancianos, los teatros de Literatura universal al Navarro- Villoslada\u2026 son recuerdos que se han mantenido a lo largo del tiempo.<\/p>\n<p>Mi formaci\u00f3n y mi trabajo me han permitido ver la realidad de la educaci\u00f3n desde otra perspectiva y he podido valorar la suerte que he tenido al contar con profesores como los que tuve durante estos a\u00f1os. Con sus ense\u00f1anzas nos abr\u00edan ventanas por las que asomarnos al mundo y a la realidad. Y esto es realmente esencia para poder caminar por la vida.<\/p>\n","protected":false},"excerpt":{"rendered":"<p>&nbsp; Soy Mar\u00eda Irisarri. Estudi\u00e9 en el IES Benjam\u00edn de 2000- 2007. Trabajo como tutora en el Colegio Mayor Universitario Josefa Segovia de Zaragoza y soy profesora de Espa\u00f1ol para mujeres inmigrantes de un proyecto (\u201cTejiendo sue\u00f1os solidarios\u201d)que coordinamos desde el Colegio Mayor en un barrio de la ciudad. Este verano estuve trabajando como voluntaria [&hellip;]<\/p>\n","protected":false},"author":2,"featured_media":0,"comment_status":"open","ping_status":"open","sticky":false,"template":"","format":"standard","meta":{"_genesis_hide_title":false,"_genesis_hide_breadcrumbs":false,"_genesis_hide_singular_image":false,"_genesis_hide_footer_widgets":false,"_genesis_custom_body_class":"","_genesis_custom_post_class":"","_genesis_layout":""},"categories":[5],"tags":[],"_links":{"self":[{"href":"https:\/\/iesbenjamin.educacion.navarra.es\/blogs\/50aniversario\/wp-json\/wp\/v2\/posts\/424"}],"collection":[{"href":"https:\/\/iesbenjamin.educacion.navarra.es\/blogs\/50aniversario\/wp-json\/wp\/v2\/posts"}],"about":[{"href":"https:\/\/iesbenjamin.educacion.navarra.es\/blogs\/50aniversario\/wp-json\/wp\/v2\/types\/post"}],"author":[{"embeddable":true,"href":"https:\/\/iesbenjamin.educacion.navarra.es\/blogs\/50aniversario\/wp-json\/wp\/v2\/users\/2"}],"replies":[{"embeddable":true,"href":"https:\/\/iesbenjamin.educacion.navarra.es\/blogs\/50aniversario\/wp-json\/wp\/v2\/comments?post=424"}],"version-history":[{"count":1,"href":"https:\/\/iesbenjamin.educacion.navarra.es\/blogs\/50aniversario\/wp-json\/wp\/v2\/posts\/424\/revisions"}],"predecessor-version":[{"id":426,"href":"https:\/\/iesbenjamin.educacion.navarra.es\/blogs\/50aniversario\/wp-json\/wp\/v2\/posts\/424\/revisions\/426"}],"wp:attachment":[{"href":"https:\/\/iesbenjamin.educacion.navarra.es\/blogs\/50aniversario\/wp-json\/wp\/v2\/media?parent=424"}],"wp:term":[{"taxonomy":"category","embeddable":true,"href":"https:\/\/iesbenjamin.educacion.navarra.es\/blogs\/50aniversario\/wp-json\/wp\/v2\/categories?post=424"},{"taxonomy":"post_tag","embeddable":true,"href":"https:\/\/iesbenjamin.educacion.navarra.es\/blogs\/50aniversario\/wp-json\/wp\/v2\/tags?post=424"}],"curies":[{"name":"wp","href":"https:\/\/api.w.org\/{rel}","templated":true}]}}