{"id":414,"date":"2016-03-07T09:51:08","date_gmt":"2016-03-07T08:51:08","guid":{"rendered":"http:\/\/iesbenjamin.educacion.navarra.es\/blogs\/50aniversario\/?p=414"},"modified":"2016-03-09T09:20:20","modified_gmt":"2016-03-09T08:20:20","slug":"grupo-de-teatro-apyma","status":"publish","type":"post","link":"https:\/\/iesbenjamin.educacion.navarra.es\/blogs\/50aniversario\/2016\/03\/07\/grupo-de-teatro-apyma\/","title":{"rendered":"Grupo de Teatro (APYMA) 2011-12"},"content":{"rendered":"<p><img loading=\"lazy\" class=\"aligncenter wp-image-415\" src=\"http:\/\/iesbenjamin.educacion.navarra.es\/blogs\/50aniversario\/wp-content\/uploads\/sites\/2\/2016\/03\/Teatro-APYMA_01.jpg\" alt=\"Teatro APYMA_01\" width=\"600\" height=\"450\" srcset=\"https:\/\/iesbenjamin.educacion.navarra.es\/blogs\/50aniversario\/wp-content\/uploads\/sites\/2\/2016\/03\/Teatro-APYMA_01.jpg 1632w, https:\/\/iesbenjamin.educacion.navarra.es\/blogs\/50aniversario\/wp-content\/uploads\/sites\/2\/2016\/03\/Teatro-APYMA_01-300x225.jpg 300w, https:\/\/iesbenjamin.educacion.navarra.es\/blogs\/50aniversario\/wp-content\/uploads\/sites\/2\/2016\/03\/Teatro-APYMA_01-768x576.jpg 768w, https:\/\/iesbenjamin.educacion.navarra.es\/blogs\/50aniversario\/wp-content\/uploads\/sites\/2\/2016\/03\/Teatro-APYMA_01-1024x768.jpg 1024w\" sizes=\"(max-width: 600px) 100vw, 600px\" \/><\/p>\n<p style=\"text-align: center\">Sara Pedrera, M\u00aa Carmen Muro (profesora), Imanol Alcantarill<\/p>\n<p style=\"text-align: center\">Eva Muro, Rosa G\u00e1rate, Lesly Rojas, Adri\u00e1n \u00dacar, Lorena C\u00e1mara, Diana Gharzaryan<\/p>\n<p style=\"text-align: center\">Mauro Gomez, Alfredo Zegre, Luc\u00eda Garc\u00eda, Amaia P\u00e9rez<\/p>\n<p><img loading=\"lazy\" class=\"aligncenter wp-image-416\" src=\"http:\/\/iesbenjamin.educacion.navarra.es\/blogs\/50aniversario\/wp-content\/uploads\/sites\/2\/2016\/03\/Teatro-APYMA_02.jpg\" alt=\"Teatro APYMA_02\" width=\"600\" height=\"450\" srcset=\"https:\/\/iesbenjamin.educacion.navarra.es\/blogs\/50aniversario\/wp-content\/uploads\/sites\/2\/2016\/03\/Teatro-APYMA_02.jpg 1632w, https:\/\/iesbenjamin.educacion.navarra.es\/blogs\/50aniversario\/wp-content\/uploads\/sites\/2\/2016\/03\/Teatro-APYMA_02-300x225.jpg 300w, https:\/\/iesbenjamin.educacion.navarra.es\/blogs\/50aniversario\/wp-content\/uploads\/sites\/2\/2016\/03\/Teatro-APYMA_02-768x576.jpg 768w, https:\/\/iesbenjamin.educacion.navarra.es\/blogs\/50aniversario\/wp-content\/uploads\/sites\/2\/2016\/03\/Teatro-APYMA_02-1024x768.jpg 1024w\" sizes=\"(max-width: 600px) 100vw, 600px\" \/> <img loading=\"lazy\" class=\"aligncenter wp-image-417\" src=\"http:\/\/iesbenjamin.educacion.navarra.es\/blogs\/50aniversario\/wp-content\/uploads\/sites\/2\/2016\/03\/Teatro-APYMA_03.jpg\" alt=\"Teatro APYMA_03\" width=\"600\" height=\"450\" srcset=\"https:\/\/iesbenjamin.educacion.navarra.es\/blogs\/50aniversario\/wp-content\/uploads\/sites\/2\/2016\/03\/Teatro-APYMA_03.jpg 1632w, https:\/\/iesbenjamin.educacion.navarra.es\/blogs\/50aniversario\/wp-content\/uploads\/sites\/2\/2016\/03\/Teatro-APYMA_03-300x225.jpg 300w, https:\/\/iesbenjamin.educacion.navarra.es\/blogs\/50aniversario\/wp-content\/uploads\/sites\/2\/2016\/03\/Teatro-APYMA_03-768x576.jpg 768w, https:\/\/iesbenjamin.educacion.navarra.es\/blogs\/50aniversario\/wp-content\/uploads\/sites\/2\/2016\/03\/Teatro-APYMA_03-1024x768.jpg 1024w\" sizes=\"(max-width: 600px) 100vw, 600px\" \/> <img loading=\"lazy\" class=\"alignleft wp-image-418\" src=\"http:\/\/iesbenjamin.educacion.navarra.es\/blogs\/50aniversario\/wp-content\/uploads\/sites\/2\/2016\/03\/Teatro-APYMA_04.jpg\" alt=\"Teatro APYMA_04\" width=\"425\" height=\"319\" srcset=\"https:\/\/iesbenjamin.educacion.navarra.es\/blogs\/50aniversario\/wp-content\/uploads\/sites\/2\/2016\/03\/Teatro-APYMA_04.jpg 1632w, https:\/\/iesbenjamin.educacion.navarra.es\/blogs\/50aniversario\/wp-content\/uploads\/sites\/2\/2016\/03\/Teatro-APYMA_04-300x225.jpg 300w, https:\/\/iesbenjamin.educacion.navarra.es\/blogs\/50aniversario\/wp-content\/uploads\/sites\/2\/2016\/03\/Teatro-APYMA_04-768x576.jpg 768w, https:\/\/iesbenjamin.educacion.navarra.es\/blogs\/50aniversario\/wp-content\/uploads\/sites\/2\/2016\/03\/Teatro-APYMA_04-1024x768.jpg 1024w\" sizes=\"(max-width: 425px) 100vw, 425px\" \/> <img loading=\"lazy\" class=\"alignright wp-image-419\" src=\"http:\/\/iesbenjamin.educacion.navarra.es\/blogs\/50aniversario\/wp-content\/uploads\/sites\/2\/2016\/03\/Teatro-APYMA_05JPG.jpg\" alt=\"Teatro APYMA_05JPG\" width=\"425\" height=\"319\" srcset=\"https:\/\/iesbenjamin.educacion.navarra.es\/blogs\/50aniversario\/wp-content\/uploads\/sites\/2\/2016\/03\/Teatro-APYMA_05JPG.jpg 1632w, https:\/\/iesbenjamin.educacion.navarra.es\/blogs\/50aniversario\/wp-content\/uploads\/sites\/2\/2016\/03\/Teatro-APYMA_05JPG-300x225.jpg 300w, https:\/\/iesbenjamin.educacion.navarra.es\/blogs\/50aniversario\/wp-content\/uploads\/sites\/2\/2016\/03\/Teatro-APYMA_05JPG-768x576.jpg 768w, https:\/\/iesbenjamin.educacion.navarra.es\/blogs\/50aniversario\/wp-content\/uploads\/sites\/2\/2016\/03\/Teatro-APYMA_05JPG-1024x768.jpg 1024w\" sizes=\"(max-width: 425px) 100vw, 425px\" \/><\/p>\n","protected":false},"excerpt":{"rendered":"<p>Sara Pedrera, M\u00aa Carmen Muro (profesora), Imanol Alcantarill Eva Muro, Rosa G\u00e1rate, Lesly Rojas, Adri\u00e1n \u00dacar, Lorena C\u00e1mara, Diana Gharzaryan Mauro Gomez, Alfredo Zegre, Luc\u00eda Garc\u00eda, Amaia P\u00e9rez<\/p>\n","protected":false},"author":2,"featured_media":0,"comment_status":"open","ping_status":"open","sticky":false,"template":"","format":"standard","meta":{"_genesis_hide_title":false,"_genesis_hide_breadcrumbs":false,"_genesis_hide_singular_image":false,"_genesis_hide_footer_widgets":false,"_genesis_custom_body_class":"","_genesis_custom_post_class":"","_genesis_layout":""},"categories":[3],"tags":[],"_links":{"self":[{"href":"https:\/\/iesbenjamin.educacion.navarra.es\/blogs\/50aniversario\/wp-json\/wp\/v2\/posts\/414"}],"collection":[{"href":"https:\/\/iesbenjamin.educacion.navarra.es\/blogs\/50aniversario\/wp-json\/wp\/v2\/posts"}],"about":[{"href":"https:\/\/iesbenjamin.educacion.navarra.es\/blogs\/50aniversario\/wp-json\/wp\/v2\/types\/post"}],"author":[{"embeddable":true,"href":"https:\/\/iesbenjamin.educacion.navarra.es\/blogs\/50aniversario\/wp-json\/wp\/v2\/users\/2"}],"replies":[{"embeddable":true,"href":"https:\/\/iesbenjamin.educacion.navarra.es\/blogs\/50aniversario\/wp-json\/wp\/v2\/comments?post=414"}],"version-history":[{"count":6,"href":"https:\/\/iesbenjamin.educacion.navarra.es\/blogs\/50aniversario\/wp-json\/wp\/v2\/posts\/414\/revisions"}],"predecessor-version":[{"id":440,"href":"https:\/\/iesbenjamin.educacion.navarra.es\/blogs\/50aniversario\/wp-json\/wp\/v2\/posts\/414\/revisions\/440"}],"wp:attachment":[{"href":"https:\/\/iesbenjamin.educacion.navarra.es\/blogs\/50aniversario\/wp-json\/wp\/v2\/media?parent=414"}],"wp:term":[{"taxonomy":"category","embeddable":true,"href":"https:\/\/iesbenjamin.educacion.navarra.es\/blogs\/50aniversario\/wp-json\/wp\/v2\/categories?post=414"},{"taxonomy":"post_tag","embeddable":true,"href":"https:\/\/iesbenjamin.educacion.navarra.es\/blogs\/50aniversario\/wp-json\/wp\/v2\/tags?post=414"}],"curies":[{"name":"wp","href":"https:\/\/api.w.org\/{rel}","templated":true}]}}